{"id":52234,"date":"2024-09-14T08:39:24","date_gmt":"2024-09-14T06:39:24","guid":{"rendered":"https:\/\/unique-universe.blog\/comprender-la-historia-del-carnaval-del-caribe\/"},"modified":"2024-10-05T13:47:10","modified_gmt":"2024-10-05T11:47:10","slug":"comprender-la-historia-del-carnaval-del-caribe","status":"publish","type":"post","link":"https:\/\/unique-universe.blog\/es\/comprender-la-historia-del-carnaval-del-caribe\/","title":{"rendered":"Comprender la historia del Carnaval del Caribe"},"content":{"rendered":"<p>[et_pb_section fb_built=&#8221;1&#8243; fullwidth=&#8221;on&#8221; admin_label=&#8221;Header&#8221; _builder_version=&#8221;4.16&#8243; background_color=&#8221;#b7b9c7&#8243; custom_padding=&#8221;0px|0|0px|0px|false|false&#8221; locked=&#8221;off&#8221; global_colors_info=&#8221;{}&#8221;][et_pb_fullwidth_header title=&#8221;Carnavales del Caribe  &#8221; subhead=&#8221;Antecedentes e historia&#8221; button_one_url=&#8221;#itinerary&#8221; _builder_version=&#8221;4.27.0&#8243; _module_preset=&#8221;2d1b8823-30bd-4bc6-9296-3bf14154e58a&#8221; background_enable_color=&#8221;off&#8221; background_image=&#8221;https:\/\/unique-universe.blog\/wp-content\/uploads\/2023\/12\/AdobeStock_572705936.jpg&#8221; button_one_text_size=&#8221;17px&#8221; title_font_size_tablet=&#8221;&#8221; title_font_size_phone=&#8221;&#8221; title_font_size_last_edited=&#8221;on|tablet&#8221; subhead_font_size_tablet=&#8221;&#8221; subhead_font_size_phone=&#8221;&#8221; subhead_font_size_last_edited=&#8221;on|desktop&#8221; button_one_text_color_hover=&#8221;#ffffff&#8221; button_one_border_color_hover=&#8221;#ff9e59&#8243; button_one_border_radius_hover=&#8221;100px&#8221; button_one_bg_color_hover=&#8221;#ff9e59&#8243; global_colors_info=&#8221;{}&#8221; button_one_text_size__hover_enabled=&#8221;off&#8221; button_two_text_size__hover_enabled=&#8221;off&#8221; button_two_text_color__hover_enabled=&#8221;off&#8221; button_one_border_width__hover_enabled=&#8221;off&#8221; button_two_border_width__hover_enabled=&#8221;off&#8221; button_two_border_color__hover_enabled=&#8221;off&#8221; button_two_border_radius__hover_enabled=&#8221;off&#8221; button_one_letter_spacing__hover_enabled=&#8221;off&#8221; button_two_letter_spacing__hover_enabled=&#8221;off&#8221; button_two_bg_color__hover_enabled=&#8221;off&#8221;][\/et_pb_fullwidth_header][\/et_pb_section][et_pb_section fb_built=&#8221;1&#8243; admin_label=&#8221;Tour CTA &#038; Information Section&#8221; _builder_version=&#8221;4.16&#8243; custom_padding=&#8221;100px|0px|54px|0px|false|false&#8221; global_colors_info=&#8221;{}&#8221;][et_pb_row column_structure=&#8221;1_2,1_2&#8243; admin_label=&#8221;Tour CTA y Fila de Informaci\u00f3n&#8221; _builder_version=&#8221;4.18.0&#8243; global_colors_info=&#8221;{}&#8221;][et_pb_column type=&#8221;1_2&#8243; _builder_version=&#8221;4.16&#8243; custom_padding=&#8221;|||&#8221; global_colors_info=&#8221;{}&#8221; custom_padding__hover=&#8221;|||&#8221;][et_pb_cta title=&#8221;Comprender los Carnavales del Caribe&#8221; button_url=&#8221;#good_knowing&#8221; _builder_version=&#8221;4.25.2&#8243; _module_preset=&#8221;7ff25879-f561-4033-8e00-cb691e13e902&#8243; header_font=&#8221;Merriweather||||||||&#8221; header_font_size=&#8221;43px&#8221; button_text_color=&#8221;#ffffff&#8221; button_bg_color=&#8221;#FF6B59&#8243; button_border_width=&#8221;0px&#8221; button_border_radius=&#8221;0px&#8221; button_font=&#8221;Noto Sans|700||on|||||&#8221; button_alignment=&#8221;left&#8221; module_alignment=&#8221;center&#8221; button_text_color_hover=&#8221;#ffffff&#8221; button_border_color_hover=&#8221;#ff9e59&#8243; button_bg_color_hover=&#8221;#ff9e59&#8243; global_colors_info=&#8221;{}&#8221; button_text_size__hover_enabled=&#8221;off&#8221; button_one_text_size__hover_enabled=&#8221;off&#8221; button_two_text_size__hover_enabled=&#8221;off&#8221; button_one_text_color__hover_enabled=&#8221;off&#8221; button_two_text_color__hover_enabled=&#8221;off&#8221; button_border_width__hover_enabled=&#8221;off&#8221; button_one_border_width__hover_enabled=&#8221;off&#8221; button_two_border_width__hover_enabled=&#8221;off&#8221; button_border_color__hover_enabled=&#8221;on&#8221; button_border_color__hover=&#8221;&#8221; button_one_border_color__hover_enabled=&#8221;off&#8221; button_two_border_color__hover_enabled=&#8221;off&#8221; button_border_radius__hover_enabled=&#8221;off&#8221; button_one_border_radius__hover_enabled=&#8221;off&#8221; button_two_border_radius__hover_enabled=&#8221;off&#8221; button_letter_spacing__hover_enabled=&#8221;off&#8221; button_one_letter_spacing__hover_enabled=&#8221;off&#8221; button_two_letter_spacing__hover_enabled=&#8221;off&#8221; button_one_bg_color__hover_enabled=&#8221;off&#8221; button_two_bg_color__hover_enabled=&#8221;off&#8221;][\/et_pb_cta][\/et_pb_column][et_pb_column type=&#8221;1_2&#8243; _builder_version=&#8221;4.16&#8243; custom_padding=&#8221;|||&#8221; global_colors_info=&#8221;{}&#8221; custom_padding__hover=&#8221;|||&#8221;][et_pb_text _builder_version=&#8221;4.27.0&#8243; text_font=&#8221;Loto Regular||||||||&#8221; link_font=&#8221;||||||||&#8221; ul_font=&#8221;||||||||&#8221; ol_font=&#8221;||||||||&#8221; quote_font=&#8221;Lato Bold 900||||||||&#8221; quote_font_size=&#8221;26px&#8221; header_font=&#8221;||||||||&#8221; header_2_font=&#8221;||||||||&#8221; header_5_font=&#8221;Noto Sans|700|||||||&#8221; header_5_text_color=&#8221;#ff6b5a&#8221; header_5_font_size=&#8221;20px&#8221; header_5_line_height=&#8221;2em&#8221; global_colors_info=&#8221;{}&#8221;]<\/p>\n<p><span style=\"font-weight: 400;\">La historia de los Carnavales del Caribe es algo que he llegado a apreciar profundamente a lo largo de los a\u00f1os, especialmente como alguien que no creci\u00f3 con estas tradiciones.  <\/span><\/p>\n<p><span style=\"font-weight: 400;\">La primera vez que viv\u00ed un <a href=\"https:\/\/unique-universe.blog\/es\/carnaval-de-tobago-2024-guia-de-planificacion\/\" target=\"_blank\" rel=\"noopener\">Carnaval<\/a> caribe\u00f1o <a href=\"https:\/\/unique-universe.blog\/es\/carnaval-de-tobago-2024-guia-de-planificacion\/\" target=\"_blank\" rel=\"noopener\">fue en Tobago<\/a>.<br \/>\nMe sorprendi\u00f3 completamente la energ\u00eda: la m\u00fasica, los disfraces vibrantes y la alegr\u00eda que se respiraba en el aire.   <\/span><\/p>\n<p><span style=\"font-weight: 400;\">Pero s\u00f3lo cuando empec\u00e9 a conocer la historia que hay detr\u00e1s de estas celebraciones empec\u00e9 a comprender realmente su significado.  <\/span><\/p>\n<p><span style=\"font-weight: 400;\">Comprender la historia que hay detr\u00e1s de los carnavales caribe\u00f1os me hizo estar a\u00fan m\u00e1s agradecida de que me acogieran tan abiertamente.  <\/span><\/p>\n<h3><strong>Historia de los Carnavales del Caribe  <\/strong><\/h3>\n<p><span style=\"font-weight: 400;\"><a href=\"https:\/\/unique-universe.blog\/es\/calendario-del-carnaval-del-caribe-2023-24\/\" target=\"_blank\" rel=\"noopener\">Los Carnavales del Caribe<\/a> son mucho m\u00e1s que coloridos desfiles y fiestas; son ricos en significado cultural e hist\u00f3rico.  <\/span><\/p>\n<p><span style=\"font-weight: 400;\">En realidad, estas celebraciones se remontan al siglo XVIII, cuando <a href=\"https:\/\/en.wikipedia.org\/wiki\/History_of_the_Caribbean\" target=\"_blank\" rel=\"noopener\">los colonos europeos<\/a>, sobre todo franceses y espa\u00f1oles, trajeron al Caribe sus festivales previos a la Cuaresma.<br \/>\nEstas fiestas eran eventos exclusivos para los colonos ricos, con bailes de m\u00e1scaras a los que no pod\u00edan asistir los africanos esclavizados.   <\/span><\/p>\n<p><span style=\"font-weight: 400;\">En respuesta, los esclavizados crearon sus propias versiones de estas celebraciones, infundi\u00e9ndoles sus tradiciones y rituales africanos.<br \/>\nEsta fusi\u00f3n de culturas es lo que con el tiempo evolucion\u00f3 hasta convertirse en el Carnaval del Caribe que vemos hoy en d\u00eda. <\/span><\/p>\n<p>[\/et_pb_text][\/et_pb_column][\/et_pb_row][\/et_pb_section][et_pb_section fb_built=&#8221;1&#8243; admin_label=&#8221;Video&#8221; module_id=&#8221;1&#8243; _builder_version=&#8221;4.27.0&#8243; background_color=&#8221;#F4F6F0&#8243; custom_padding=&#8221;|||&#8221; border_color_bottom=&#8221;#BACBA9&#8243; box_shadow_style=&#8221;preset3&#8243; locked=&#8221;off&#8221; global_colors_info=&#8221;{}&#8221;][et_pb_row _builder_version=&#8221;4.16&#8243; custom_padding=&#8221;|||&#8221; global_colors_info=&#8221;{}&#8221;][et_pb_column type=&#8221;4_4&#8243; _builder_version=&#8221;4.16&#8243; custom_padding=&#8221;|||&#8221; global_colors_info=&#8221;{}&#8221; custom_padding__hover=&#8221;|||&#8221;][et_pb_text _builder_version=&#8221;4.27.0&#8243; text_font=&#8221;Loto Regular||||||||&#8221; header_font=&#8221;||||||||&#8221; text_orientation=&#8221;center&#8221; max_width=&#8221;800px&#8221; max_width_tablet=&#8221;&#8221; max_width_phone=&#8221;&#8221; max_width_last_edited=&#8221;on|phone&#8221; module_alignment=&#8221;center&#8221; custom_padding=&#8221;|||&#8221; global_colors_info=&#8221;{}&#8221;]<\/p>\n<h3 class=\"p1\" style=\"text-align: center;\">\u00bfPuedo asistir a los carnavales caribe\u00f1os como visitante?<\/h3>\n<p>Al compartir mis experiencias de Carnaval con mis lectores, pretendo destacar no s\u00f3lo la diversi\u00f3n y la emoci\u00f3n, sino tambi\u00e9n el rico patrimonio cultural que hace que estos acontecimientos sean tan especiales.<\/p>\n<p>Para m\u00ed es importante que mis viajes reflejen un profundo aprecio por las comunidades que visito, y que anime a otros a hacer lo mismo.<\/p>\n<p>Viajar con sensibilidad cultural no s\u00f3lo mejora la experiencia, sino que tambi\u00e9n muestra respeto por las incre\u00edbles gentes y tradiciones que hacen que<a href=\"https:\/\/unique-universe.blog\/es\/calendario-del-carnaval-del-caribe-2023-24\/\" target=\"_blank\" rel=\"noopener\"> los carnavales caribe\u00f1os<\/a> sean verdaderamente inolvidables.<\/p>\n<p>&nbsp;<\/p>\n<p>[\/et_pb_text][\/et_pb_column][\/et_pb_row][\/et_pb_section][et_pb_section fb_built=&#8221;1&#8243; _builder_version=&#8221;4.23.2&#8243; _module_preset=&#8221;default&#8221; global_colors_info=&#8221;{}&#8221;][et_pb_row _builder_version=&#8221;4.23.2&#8243; _module_preset=&#8221;default&#8221; global_colors_info=&#8221;{}&#8221;][et_pb_column type=&#8221;4_4&#8243; _builder_version=&#8221;4.23.2&#8243; _module_preset=&#8221;default&#8221; global_colors_info=&#8221;{}&#8221;][et_pb_text _builder_version=&#8221;4.27.0&#8243; _module_preset=&#8221;default&#8221; global_colors_info=&#8221;{}&#8221;]<\/p>\n<h2 style=\"text-align: center;\">Breve historia de los Carnavales del Caribe<\/h2>\n<p>[\/et_pb_text][dsm_content_timeline dsm_card_arrow=&#8221;on&#8221; dsm_tree_animation=&#8221;on&#8221; dsm_bg_color=&#8221;#FFFFFF&#8221; dsm_pointer_bg_color=&#8221;#000000&#8243; dsm_pointer_active_bg_color=&#8221;#FF6B59&#8243; dsm_tree_bg_color=&#8221;#000000&#8243; dsm_tree_active_bg_color=&#8221;#BACBA9&#8243; _builder_version=&#8221;4.27.0&#8243; _module_preset=&#8221;default&#8221; header_level=&#8221;h3&#8243; header_font=&#8221;Montserrat Medium 700||||||||&#8221; header_text_color=&#8221;#FF6B59&#8243; box_shadow_style_card_shadow=&#8221;preset1&#8243; global_colors_info=&#8221;{}&#8221;][dsm_content_timeline_child dsm_image=&#8221;https:\/\/unique-universe.blog\/wp-content\/uploads\/2023\/01\/Jamaica-2.jpeg&#8221; alt=&#8221;Arte callejero en el centro de Kingston, Jamaica&#8221; title_text=&#8221;Jamaica 2&#8243; dsm_title=&#8221;Carnavales del Caribe &#8211; Colorida resistencia  &#8221; dsm_content=&#8221;<\/p>\n<p><span style=%22font-weight: 400;%22>Uno de los aspectos m\u00e1s reveladores de esta historia es c\u00f3mo el Carnaval se convirti\u00f3 en una forma de resistencia para los africanos esclavizados.<br \/>\nUtilizaban estas celebraciones como una oportunidad para subvertir el orden social, a menudo imitando a sus opresores europeos con disfraces exagerados, convirtiendo lo que pretend\u00eda ser excluyente en un poderoso acto de desaf\u00edo.<br \/>\nIncluso despu\u00e9s de la emancipaci\u00f3n, el Carnaval sigui\u00f3 siendo una expresi\u00f3n crucial de libertad e identidad cultural para las comunidades afrocaribe\u00f1as.  <\/span><\/p>\n<p>&#8221; _builder_version=&#8221;4.27.0&#8243; _module_preset=&#8221;default&#8221; header_level=&#8221;h3&#8243; header_font=&#8221;Montserrat Medium 700||||||||&#8221; header_text_color=&#8221;#FF6B59&#8243; global_colors_info=&#8221;{}&#8221;][\/dsm_content_timeline_child][dsm_content_timeline_child dsm_image=&#8221;https:\/\/unique-universe.blog\/wp-content\/uploads\/2024\/09\/St.-Lucia-carnival2.jpeg&#8221; alt=&#8221;estatua hind\u00fa en trinidad&#8221; title_text=&#8221;Carnaval de Santa Luc\u00eda2&#8243; dsm_title=&#8221;La diferencia en los Carnavales del Caribe  &#8221; dsm_content=&#8221;<\/p>\n<p><span style=%22font-weight: 400;%22>He aprendido que cada isla del Caribe ha desarrollado sus propias tradiciones carnavalescas a lo largo del tiempo, influidas por su historia y su composici\u00f3n cultural particulares.<br \/>\nPor ejemplo, el Carnaval de Trinidad y Tobago, profundamente influido por las tradiciones francesas, suele considerarse el origen del Carnaval moderno del Caribe.<br \/>\nEn cambio, el Carnaval de Jamaica, que surgi\u00f3 mucho m\u00e1s tarde, en la d\u00e9cada de 1990, incorpora muchos elementos de dancehall y reggae, reflejo de la propia herencia musical de la isla.<br \/>\nEsta diversidad es una de las cosas que hacen que los Carnavales del Caribe sean tan fascinantes.   <\/span><\/p>\n<p>&#8221; _builder_version=&#8221;4.27.0&#8243; _module_preset=&#8221;default&#8221; header_level=&#8221;h3&#8243; header_font=&#8221;Montserrat Medium 700||||||||&#8221; header_text_color=&#8221;#FF6B59&#8243; global_colors_info=&#8221;{}&#8221;][\/dsm_content_timeline_child][dsm_content_timeline_child dsm_image=&#8221;https:\/\/unique-universe.blog\/wp-content\/uploads\/2024\/09\/Tobago-Flag1.jpg&#8221; alt=&#8221;Playa Harmony en Montego Bay&#8221; title_text=&#8221;Bandera de Tobago(1)&#8221; dsm_title=&#8221;Todo empez\u00f3 en Trinidad&#8221; dsm_content=&#8221;<\/p>\n<p><span style=%22font-weight: 400;%22>Un momento clave en la historia del Carnaval fueron los disturbios de Canboulay, en Trinidad, en 1881.<br \/>\nLas autoridades coloniales brit\u00e1nicas intentaron suprimir el Carnaval prohibiendo pr\u00e1cticas como los tambores y las peleas de palos, que eran fundamentales en las celebraciones.<br \/>\nPero el pueblo de Trinidad se resisti\u00f3, dando lugar a lo que hoy se considera un acontecimiento fundamental en la lucha por preservar las tradiciones culturales.<br \/>\nLos disturbios de Canboulay son un poderoso recordatorio de lo profundamente vinculadas que est\u00e1n estas celebraciones a la resistencia y la capacidad de recuperaci\u00f3n.   <\/span><\/p>\n<p>&#8221; _builder_version=&#8221;4.27.0&#8243; _module_preset=&#8221;default&#8221; header_level=&#8221;h3&#8243; header_font=&#8221;Montserrat Medium 700||||||||&#8221; header_text_color=&#8221;#FF6B59&#8243; global_colors_info=&#8221;{}&#8221;][\/dsm_content_timeline_child][dsm_content_timeline_child dsm_image=&#8221;https:\/\/unique-universe.blog\/wp-content\/uploads\/2023\/06\/Carnival1.jpeg&#8221; alt=&#8221;personajes tradicionales del carnaval caribe\u00f1o&#8221; title_text=&#8221;Carnaval1&#8243; dsm_title=&#8221;Los carnavales caribe\u00f1os de hoy&#8221; dsm_content=&#8221;<\/p>\n<p><span style=%22font-weight: 400;%22>Como alguien que se ha enamorado completamente de los Carnavales del Caribe, me he sentido a la vez emocionada y un poco en conflicto por c\u00f3mo han evolucionado estas celebraciones recientemente.<br \/>\nPor un lado, es asombroso ver c\u00f3mo los Carnavales han aumentado su popularidad en todo el mundo.<br \/>\nYa no son s\u00f3lo acontecimientos locales; se han convertido en espect\u00e1culos masivos que atraen a gente de todos los rincones del planeta, incluida gente como yo, que no creci\u00f3 con estas tradiciones pero que ahora no puede imaginarse perd\u00e9rselas.  <\/span><\/p>\n<p><span style=%22font-weight: 400;%22>Pero con esa popularidad llega la comercializaci\u00f3n, y ha sido dif\u00edcil no darse cuenta de lo mucho que han cambiado las cosas.<br \/>\nLo que empez\u00f3 como expresiones culturales profundamente arraigadas, llenas de participaci\u00f3n popular y esp\u00edritu comunitario, ahora a menudo se parece m\u00e1s a un gran negocio.   <\/span><\/p>\n<p><span style=%22font-weight: 400;%22>Los patrocinadores corporativos est\u00e1n por todas partes, desde los disfraces hasta los propios actos, y el auge de las experiencias con entradas todo incluido ha desplazado el centro de atenci\u00f3n de la comunidad al consumidor.<br \/>\nAunque entiendo perfectamente que esto aporta un dinero muy necesario para las econom\u00edas locales -especialmente en t\u00e9rminos de turismo-, a veces parece que el alma del carnaval se est\u00e1 perdiendo un poco en el proceso. <\/span><\/p>\n<p><span style=%22font-weight: 400;%22>He hablado con amigos que llevan d\u00e9cadas participando en el carnaval y comparten algunas de estas preocupaciones.<br \/>\nLes preocupa que, a medida que se presta m\u00e1s atenci\u00f3n a la ostentaci\u00f3n, los aspectos tradicionales -como el significado de la mas\u00eda o la forma en que la m\u00fasica conecta con la gente- queden eclipsados por el puro espect\u00e1culo.   <\/span><\/p>\n<p><span style=%22font-weight: 400;%22>Aun as\u00ed, tengo esperanzas.<br \/>\nHe visto c\u00f3mo las comunidades est\u00e1n encontrando formas de mantener vivo el coraz\u00f3n del carnaval, mezclando lo antiguo con lo nuevo.<br \/>\nAl fin y al cabo, es esa rica mezcla de historia, cultura y pura alegr\u00eda lo que me atrajo, y lo que me har\u00e1 volver a\u00f1o tras a\u00f1o.  <\/span><\/p>\n<p>&#8221; _builder_version=&#8221;4.27.0&#8243; _module_preset=&#8221;default&#8221; global_colors_info=&#8221;{}&#8221;][\/dsm_content_timeline_child][\/dsm_content_timeline][\/et_pb_column][\/et_pb_row][et_pb_row module_id=&#8221;4&#8243; _builder_version=&#8221;4.24.0&#8243; _module_preset=&#8221;default&#8221; global_colors_info=&#8221;{}&#8221;][et_pb_column type=&#8221;4_4&#8243; _builder_version=&#8221;4.18.0&#8243; _module_preset=&#8221;default&#8221; global_colors_info=&#8221;{}&#8221;][et_pb_text admin_label=&#8221;Title &#038; Paragraph&#8221; _builder_version=&#8221;4.27.0&#8243; text_font=&#8221;Noto Sans||||||||&#8221; text_font_size=&#8221;17px&#8221; text_line_height=&#8221;1.9em&#8221; link_font=&#8221;||||||||&#8221; ul_font=&#8221;||||||||&#8221; ol_font=&#8221;||||||||&#8221; quote_font=&#8221;||||||||&#8221; header_font=&#8221;||||||||&#8221; header_text_align=&#8221;center&#8221; header_2_font=&#8221;Merriweather|700|||||||&#8221; header_2_text_align=&#8221;center&#8221; header_2_line_height=&#8221;1.5em&#8221; header_3_font=&#8221;||||||||&#8221; module_alignment=&#8221;right&#8221; header_2_font_size_phone=&#8221;34px&#8221; locked=&#8221;off&#8221; global_colors_info=&#8221;{}&#8221;]<\/p>\n<p style=\"text-align: center;\"><span style=\"font-weight: 400;\">Antes de comprender esta historia, admit\u00eda que ve\u00eda <a href=\"https:\/\/unique-universe.blog\/es\/calendario-del-carnaval-del-caribe-2023-24\/\" target=\"_blank\" rel=\"noopener\">los Carnavales del Caribe<\/a> como simples acontecimientos animados y coloridos.<br \/>\nPero ahora me doy cuenta de que todos los aspectos de estas celebraciones -la m\u00fasica, el baile, los disfraces- tienen un profundo significado cultural, a menudo relacionado con las luchas y los triunfos de las personas que los crearon.<br \/>\nCada Carnaval es una pieza viva de la historia, en constante evoluci\u00f3n pero siempre arraigada en el esp\u00edritu de resistencia y celebraci\u00f3n que se origin\u00f3 hace siglos.  <\/span><\/p>\n<p style=\"text-align: center;\"><span style=\"font-weight: 400;\">As\u00ed que, si alguna vez te encuentras en un <a href=\"https:\/\/unique-universe.blog\/es\/calendario-del-carnaval-del-caribe-2023-24\/\" target=\"_blank\" rel=\"noopener\">Carnaval Caribe\u00f1o<\/a> y oyes el ritmo del steelpan o ves a los enmascarados con sus elaborados disfraces, merece la pena que te tomes un momento para pensar en la historia que se est\u00e1 honrando y continuando.<br \/>\nNo son s\u00f3lo festividades, son expresiones vibrantes y continuas de identidad cultural e historia.<br \/>\nComprender esto ha hecho que mis propias experiencias en el carnaval sean mucho m\u00e1s ricas y significativas.<br \/>\nEs realmente una celebraci\u00f3n sin igual, que merece todo el respeto y aprecio que podamos darle.   <\/span><\/p>\n<p>[\/et_pb_text][\/et_pb_column][\/et_pb_row][\/et_pb_section][et_pb_section fb_built=&#8221;1&#8243; admin_label=&#8221;Recent Travels&#8221; _builder_version=&#8221;4.16&#8243; custom_padding=&#8221;80px|0px|80px|0px|true|false&#8221; global_colors_info=&#8221;{}&#8221;][et_pb_row _builder_version=&#8221;4.16&#8243; custom_padding=&#8221;|||&#8221; global_colors_info=&#8221;{}&#8221;][et_pb_column type=&#8221;4_4&#8243; _builder_version=&#8221;4.16&#8243; custom_padding=&#8221;|||&#8221; global_colors_info=&#8221;{}&#8221; custom_padding__hover=&#8221;|||&#8221;][et_pb_text _builder_version=&#8221;4.20.0&#8243; text_font=&#8221;Loto Regular||||||||&#8221; text_font_size=&#8221;17px&#8221; text_line_height=&#8221;2em&#8221; link_font=&#8221;||||||||&#8221; ul_font=&#8221;||||||||&#8221; ol_font=&#8221;||||||||&#8221; quote_font=&#8221;||||||||&#8221; header_font=&#8221;Merriweather||||||||&#8221; header_2_font=&#8221;Merriweather|700|||||||&#8221; header_2_font_size=&#8221;44px&#8221; header_2_line_height=&#8221;1.5em&#8221; text_orientation=&#8221;center&#8221; max_width=&#8221;800px&#8221; module_alignment=&#8221;center&#8221; header_2_font_size_phone=&#8221;34px&#8221; global_colors_info=&#8221;{}&#8221;]<\/p>\n<h2 style=\"text-align: center;\">Explora el Caribe  <\/h2>\n<p>[\/et_pb_text][\/et_pb_column][\/et_pb_row][et_pb_row admin_label=&#8221;Blog&#8221; _builder_version=&#8221;4.16&#8243; custom_padding=&#8221;|||&#8221; global_colors_info=&#8221;{}&#8221;][et_pb_column type=&#8221;4_4&#8243; _builder_version=&#8221;4.16&#8243; custom_padding=&#8221;|||&#8221; global_colors_info=&#8221;{}&#8221; custom_padding__hover=&#8221;|||&#8221;][et_pb_blog fullwidth=&#8221;off&#8221; posts_number=&#8221;3&#8243; include_categories=&#8221;385&#8243; excerpt_length=&#8221;120&#8243; module_class=&#8221;side-post&#8221; _builder_version=&#8221;4.24.2&#8243; header_font=&#8221;Merriweather||||||||&#8221; header_letter_spacing=&#8221;1px&#8221; body_font=&#8221;Loto Regular||||||||&#8221; meta_font=&#8221;Merriweather||||||||&#8221; meta_text_color=&#8221;#FFFFFF&#8221; read_more_font=&#8221;Merriweather|||on|||||&#8221; read_more_font_size=&#8221;13px&#8221; pagination_font=&#8221;Merriweather||||||||&#8221; animation_style=&#8221;slide&#8221; animation_direction=&#8221;left&#8221; animation_intensity_slide=&#8221;5%&#8221; animation_starting_opacity=&#8221;100%&#8221; border_width_all=&#8221;0px&#8221; border_color_all=&#8221;#ececec&#8221; global_colors_info=&#8221;{}&#8221;][\/et_pb_blog][\/et_pb_column][\/et_pb_row][\/et_pb_section]<\/p>\n","protected":false},"excerpt":{"rendered":"<p>Al compartir mis experiencias de Carnaval con mis lectores, pretendo destacar no s\u00f3lo la diversi\u00f3n y la emoci\u00f3n, sino tambi\u00e9n el rico patrimonio cultural que hace que estos acontecimientos sean tan especiales.<\/p>\n","protected":false},"author":2,"featured_media":47533,"comment_status":"open","ping_status":"open","sticky":false,"template":"","format":"standard","meta":{"_et_pb_use_builder":"on","_et_pb_old_content":"","_et_gb_content_width":"","_monsterinsights_skip_tracking":false,"_monsterinsights_sitenote_active":false,"_monsterinsights_sitenote_note":"","_monsterinsights_sitenote_category":0,"footnotes":""},"categories":[388],"tags":[],"class_list":["post-52234","post","type-post","status-publish","format-standard","has-post-thumbnail","hentry","category-caribe"],"_links":{"self":[{"href":"https:\/\/unique-universe.blog\/es\/wp-json\/wp\/v2\/posts\/52234","targetHints":{"allow":["GET"]}}],"collection":[{"href":"https:\/\/unique-universe.blog\/es\/wp-json\/wp\/v2\/posts"}],"about":[{"href":"https:\/\/unique-universe.blog\/es\/wp-json\/wp\/v2\/types\/post"}],"author":[{"embeddable":true,"href":"https:\/\/unique-universe.blog\/es\/wp-json\/wp\/v2\/users\/2"}],"replies":[{"embeddable":true,"href":"https:\/\/unique-universe.blog\/es\/wp-json\/wp\/v2\/comments?post=52234"}],"version-history":[{"count":0,"href":"https:\/\/unique-universe.blog\/es\/wp-json\/wp\/v2\/posts\/52234\/revisions"}],"wp:featuredmedia":[{"embeddable":true,"href":"https:\/\/unique-universe.blog\/es\/wp-json\/wp\/v2\/media\/47533"}],"wp:attachment":[{"href":"https:\/\/unique-universe.blog\/es\/wp-json\/wp\/v2\/media?parent=52234"}],"wp:term":[{"taxonomy":"category","embeddable":true,"href":"https:\/\/unique-universe.blog\/es\/wp-json\/wp\/v2\/categories?post=52234"},{"taxonomy":"post_tag","embeddable":true,"href":"https:\/\/unique-universe.blog\/es\/wp-json\/wp\/v2\/tags?post=52234"}],"curies":[{"name":"wp","href":"https:\/\/api.w.org\/{rel}","templated":true}]}}