{"id":52148,"date":"2024-02-20T20:36:13","date_gmt":"2024-02-20T19:36:13","guid":{"rendered":"https:\/\/unique-universe.blog\/carnaval-de-santa-lucia-como-planifique-mi-viaje\/"},"modified":"2024-10-05T13:46:06","modified_gmt":"2024-10-05T11:46:06","slug":"carnaval-de-santa-lucia-como-planifique-mi-viaje","status":"publish","type":"post","link":"https:\/\/unique-universe.blog\/es\/carnaval-de-santa-lucia-como-planifique-mi-viaje\/","title":{"rendered":"Carnaval de Santa Luc\u00eda C\u00f3mo planifiqu\u00e9 mi viaje"},"content":{"rendered":"<p>[et_pb_section fb_built=&#8221;1&#8243; fullwidth=&#8221;on&#8221; admin_label=&#8221;Header&#8221; _builder_version=&#8221;4.16&#8243; background_color=&#8221;#b7b9c7&#8243; custom_padding=&#8221;0px|0|0px|0px|false|false&#8221; locked=&#8221;off&#8221; global_colors_info=&#8221;{}&#8221;][et_pb_fullwidth_header title=&#8221;Carnaval de Santa Luc\u00eda 2024&#8243; subhead=&#8221;Castries&#8221; button_one_text=&#8221;Consejos pr\u00e1cticos&#8221; button_one_url=&#8221;#itinerary&#8221; _builder_version=&#8221;4.24.1&#8243; _module_preset=&#8221;2d1b8823-30bd-4bc6-9296-3bf14154e58a&#8221; background_enable_color=&#8221;off&#8221; background_image=&#8221;https:\/\/unique-universe.blog\/wp-content\/uploads\/2024\/02\/St.-Lucia_1.jpeg&#8221; button_one_text_size=&#8221;17px&#8221; title_font_size_tablet=&#8221;&#8221; title_font_size_phone=&#8221;&#8221; title_font_size_last_edited=&#8221;on|tablet&#8221; subhead_font_size_tablet=&#8221;&#8221; subhead_font_size_phone=&#8221;&#8221; subhead_font_size_last_edited=&#8221;on|desktop&#8221; button_one_text_color_hover=&#8221;#ffffff&#8221; button_one_border_color_hover=&#8221;#ff9e59&#8243; button_one_border_radius_hover=&#8221;100px&#8221; button_one_bg_color_hover=&#8221;#ff9e59&#8243; global_colors_info=&#8221;{}&#8221; button_one_text_size__hover_enabled=&#8221;off&#8221; button_two_text_size__hover_enabled=&#8221;off&#8221; button_two_text_color__hover_enabled=&#8221;off&#8221; button_one_border_width__hover_enabled=&#8221;off&#8221; button_two_border_width__hover_enabled=&#8221;off&#8221; button_two_border_color__hover_enabled=&#8221;off&#8221; button_two_border_radius__hover_enabled=&#8221;off&#8221; button_one_letter_spacing__hover_enabled=&#8221;off&#8221; button_two_letter_spacing__hover_enabled=&#8221;off&#8221; button_two_bg_color__hover_enabled=&#8221;off&#8221;][\/et_pb_fullwidth_header][\/et_pb_section][et_pb_section fb_built=&#8221;1&#8243; admin_label=&#8221;Tour CTA &#038; Information Section&#8221; _builder_version=&#8221;4.16&#8243; custom_padding=&#8221;100px|0px|54px|0px|false|false&#8221; global_colors_info=&#8221;{}&#8221;][et_pb_row column_structure=&#8221;1_2,1_2&#8243; admin_label=&#8221;Tour CTA y Fila de Informaci\u00f3n&#8221; _builder_version=&#8221;4.18.0&#8243; global_colors_info=&#8221;{}&#8221;][et_pb_column type=&#8221;1_2&#8243; _builder_version=&#8221;4.16&#8243; custom_padding=&#8221;|||&#8221; global_colors_info=&#8221;{}&#8221; custom_padding__hover=&#8221;|||&#8221;][et_pb_cta title=&#8221;Todo lo que necesitas saber para planificar tu viaje&#8221; button_url=&#8221;#good_knowing&#8221; _builder_version=&#8221;4.23.2&#8243; _module_preset=&#8221;7ff25879-f561-4033-8e00-cb691e13e902&#8243; header_font=&#8221;Merriweather||||||||&#8221; header_font_size=&#8221;43px&#8221; button_text_color=&#8221;#ffffff&#8221; button_bg_color=&#8221;#FF6B59&#8243; button_border_width=&#8221;0px&#8221; button_border_radius=&#8221;0px&#8221; button_font=&#8221;Noto Sans|700||on|||||&#8221; button_alignment=&#8221;left&#8221; module_alignment=&#8221;center&#8221; button_text_color_hover=&#8221;#ffffff&#8221; button_border_color_hover=&#8221;#ff9e59&#8243; button_bg_color_hover=&#8221;#ff9e59&#8243; global_colors_info=&#8221;{}&#8221; button_text_size__hover_enabled=&#8221;off&#8221; button_one_text_size__hover_enabled=&#8221;off&#8221; button_two_text_size__hover_enabled=&#8221;off&#8221; button_one_text_color__hover_enabled=&#8221;off&#8221; button_two_text_color__hover_enabled=&#8221;off&#8221; button_border_width__hover_enabled=&#8221;off&#8221; button_one_border_width__hover_enabled=&#8221;off&#8221; button_two_border_width__hover_enabled=&#8221;off&#8221; button_border_color__hover_enabled=&#8221;on&#8221; button_border_color__hover=&#8221;&#8221; button_one_border_color__hover_enabled=&#8221;off&#8221; button_two_border_color__hover_enabled=&#8221;off&#8221; button_border_radius__hover_enabled=&#8221;off&#8221; button_one_border_radius__hover_enabled=&#8221;off&#8221; button_two_border_radius__hover_enabled=&#8221;off&#8221; button_letter_spacing__hover_enabled=&#8221;off&#8221; button_one_letter_spacing__hover_enabled=&#8221;off&#8221; button_two_letter_spacing__hover_enabled=&#8221;off&#8221; button_one_bg_color__hover_enabled=&#8221;off&#8221; button_two_bg_color__hover_enabled=&#8221;off&#8221;][\/et_pb_cta][\/et_pb_column][et_pb_column type=&#8221;1_2&#8243; _builder_version=&#8221;4.16&#8243; custom_padding=&#8221;|||&#8221; global_colors_info=&#8221;{}&#8221; custom_padding__hover=&#8221;|||&#8221;][et_pb_text _builder_version=&#8221;4.25.1&#8243; text_font=&#8221;||||||||&#8221; text_text_color=&#8221;#FF6B59&#8243; text_font_size=&#8221;8px&#8221; text_line_height=&#8221;2em&#8221; link_font=&#8221;||||on||||&#8221; ul_font=&#8221;||||||||&#8221; ol_font=&#8221;||||||||&#8221; quote_font=&#8221;||||||||&#8221; header_font=&#8221;||||||||&#8221; header_text_color=&#8221;#FF6B59&#8243; header_2_font=&#8221;||||||||&#8221; header_4_font=&#8221;Montserrat|300||on|||||&#8221; header_4_text_color=&#8221;#FF6B59&#8243; header_5_font=&#8221;Merriweather|700|||||||&#8221; header_5_text_color=&#8221;#FF6B59&#8243; header_5_font_size=&#8221;20px&#8221; header_5_line_height=&#8221;2em&#8221; module_alignment_tablet=&#8221;&#8221; module_alignment_phone=&#8221;left&#8221; module_alignment_last_edited=&#8221;on|phone&#8221; global_colors_info=&#8221;{}&#8221;]<\/p>\n<h4><span style=\"color: #ff6b59;\"><strong>Fecha:<\/strong> Junio\/Julio de 2024<\/span><\/h4>\n<h4><span style=\"color: #ff6b59;\"><strong>Presupuesto:<\/strong> unos 1000 $ para la marcha por carretera y J&#8217;\u00f3uvert<\/span><\/h4>\n<h4><span style=\"color: #ff6b59;\"><strong>Estancia:<\/strong> <a href=\"https:\/\/www.harmonymarinasuites.net\/\" target=\"_blank\" rel=\"noopener\">Harmony Marina Suites<\/a> o <a href=\"https:\/\/coco-resorts.com\/?gad_source=1&amp;gclid=Cj0KCQjwsaqzBhDdARIsAK2gqnfZ2i9nopphpnlU25lN9y8mAS-Po8GBKVcqXMVtAPeAu1CORNxCArEaAkBKEALw_wcB\" target=\"_blank\" rel=\"noopener\">Coco Palm Resort <\/a> <\/span><\/h4>\n<p>[\/et_pb_text][et_pb_text _builder_version=&#8221;4.25.1&#8243; text_font=&#8221;Loto Regular||||||||&#8221; link_font=&#8221;||||||||&#8221; ul_font=&#8221;||||||||&#8221; ol_font=&#8221;||||||||&#8221; quote_font=&#8221;Lato Bold 900||||||||&#8221; quote_font_size=&#8221;26px&#8221; header_font=&#8221;||||||||&#8221; header_2_font=&#8221;||||||||&#8221; header_5_font=&#8221;Noto Sans|700|||||||&#8221; header_5_text_color=&#8221;#ff6b5a&#8221; header_5_font_size=&#8221;20px&#8221; header_5_line_height=&#8221;2em&#8221; global_colors_info=&#8221;{}&#8221;]<\/p>\n<p><span style=\"font-weight: 400;\">Tengo que admitir que, tras mi primer carnaval en Tobago, me volv\u00ed adicta y empec\u00e9 a explorar m\u00e1s carnavales caribe\u00f1os.<br \/>\nEn 2024 asistir\u00e9 a los <a href=\"https:\/\/unique-universe.blog\/es\/?p=51296\" target=\"_blank\" rel=\"noopener\">carnavales<\/a> <a href=\"https:\/\/unique-universe.blog\/es\/carnaval-de-jamaica-2024-como-planificar-un-viaje-de-carnaval-al-caribe\/\" target=\"_blank\" rel=\"noopener\">de Jamaica<\/a>, Santa Luc\u00eda y <a href=\"https:\/\/unique-universe.blog\/es\/?p=51296\" target=\"_blank\" rel=\"noopener\">Barbados<\/a>.   <\/span><\/p>\n<p><span style=\"font-weight: 400;\">Tras visitar varios carnavales, me di cuenta de que las celebraciones carnavalescas son tan diferentes como las propias islas.  <\/span><\/p>\n<p><span style=\"font-weight: 400;\">As\u00ed que despu\u00e9s de planificar mi viaje al carnaval de Jamaica 2024, ahora estoy lista para empezar a prepararme para Santa Luc\u00eda.  <\/span><\/p>\n<p><span style=\"font-weight: 400;\">\u00a1S\u00edgueme!<\/span><\/p>\n<p>[\/et_pb_text][\/et_pb_column][\/et_pb_row][\/et_pb_section][et_pb_section fb_built=&#8221;1&#8243; admin_label=&#8221;Video&#8221; _builder_version=&#8221;4.18.0&#8243; background_color=&#8221;#f4f6f0&#8243; custom_padding=&#8221;|||&#8221; locked=&#8221;off&#8221; global_colors_info=&#8221;{}&#8221;][et_pb_row column_structure=&#8221;3_5,2_5&#8243; use_custom_gutter=&#8221;on&#8221; gutter_width=&#8221;1&#8243; module_id=&#8221;itinerary&#8221; module_class=&#8221; et_pb_row_fullwidth&#8221; _builder_version=&#8221;4.25.1&#8243; width=&#8221;100%&#8221; width_tablet=&#8221;100%&#8221; width_phone=&#8221;100%&#8221; width_last_edited=&#8221;on|desktop&#8221; max_width_tablet=&#8221;100%&#8221; max_width_phone=&#8221;100%&#8221; max_width_last_edited=&#8221;on|desktop&#8221; custom_padding=&#8221;0px||0px||true&#8221; make_fullwidth=&#8221;on&#8221; global_colors_info=&#8221;{}&#8221;][et_pb_column type=&#8221;3_5&#8243; _builder_version=&#8221;4.16&#8243; custom_padding=&#8221;|||&#8221; global_colors_info=&#8221;{}&#8221; custom_padding__hover=&#8221;|||&#8221;][et_pb_image src=&#8221;https:\/\/unique-universe.blog\/wp-content\/uploads\/2024\/02\/St.-Lucia.jpeg&#8221; alt=&#8221;Santa Luc\u00eda&#8221; title_text=&#8221;Santa Luc\u00eda&#8221; _builder_version=&#8221;4.24.1&#8243; _module_preset=&#8221;default&#8221; global_colors_info=&#8221;{}&#8221;][\/et_pb_image][\/et_pb_column][et_pb_column type=&#8221;2_5&#8243; _builder_version=&#8221;4.25.1&#8243; custom_padding=&#8221;|6%|6%|6%|false|false&#8221; custom_padding_tablet=&#8221;|10%||10%||true&#8221; custom_padding_phone=&#8221;|||&#8221; custom_padding_last_edited=&#8221;on|desktop&#8221; global_colors_info=&#8221;{}&#8221; custom_padding__hover=&#8221;|||&#8221;][dsm_text_notation before_text=&#8221;Plan  &#8221; notation_text=&#8221;Carnaval en Santa Luc\u00eda  &#8221; _builder_version=&#8221;4.25.1&#8243; _module_preset=&#8221;bc5aa348-9cae-4cae-804f-0de6e9682471&#8243; global_colors_info=&#8221;{%22gcid-337464f7-7e39-46d7-bf72-37059aae4298%22:%91%22notation_color%22%93}&#8221;][\/dsm_text_notation][et_pb_text _builder_version=&#8221;4.25.1&#8243; _module_preset=&#8221;367c60d0-0742-48dc-86b5-f4731a3735f7&#8243; global_colors_info=&#8221;{}&#8221;]<\/p>\n<p style=\"text-align: center;\"><strong><a href=\"#1\">Presupuesto para carnaval<\/a><\/strong><\/p>\n<p style=\"text-align: center;\"><strong><a href=\"#2\">Conoce las fechas<\/a><\/strong><\/p>\n<p style=\"text-align: center;\"><strong><a href=\"#3\">Reservar vuelos y alojamiento<\/a><\/strong><\/p>\n<p style=\"text-align: center;\"><strong><a href=\"#4\">Las bandas de carnaval de Jamaica<\/a><\/strong><\/p>\n<p style=\"text-align: center;\"><strong><a href=\"#5\">C\u00f3mo elegir un disfraz de carnaval<\/a><\/strong><\/p>\n<p style=\"text-align: center;\"><strong><a href=\"#6\">Cosas que debes saber sobre la marcha por carretera<\/a><\/strong><\/p>\n<p style=\"text-align: center;\"><strong><a href=\"#7\">Canales de redes sociales a seguir<\/a><\/strong><\/p>\n<p style=\"text-align: center;\"><strong><a href=\"#8\">Aprende sobre la cultura del carnaval<\/a><\/strong><\/p>\n<p style=\"text-align: center;\"><strong><a href=\"#9\">Jerga de Carnaval<\/a><\/strong><\/p>\n<p style=\"text-align: center;\"><strong><a href=\"#10\">Qu\u00e9 llevar<\/a><\/strong><\/p>\n<p style=\"text-align: center;\"><strong><a href=\"#11\">Prep\u00e1rate para la carretera<\/a><\/strong><\/p>\n<p style=\"text-align: center;\"><strong><a href=\"#good_knowing\">Es bueno saberlo<\/a><\/strong><\/p>\n<p>[\/et_pb_text][\/et_pb_column][\/et_pb_row][\/et_pb_section][et_pb_section fb_built=&#8221;1&#8243; admin_label=&#8221;Video&#8221; module_id=&#8221;1&#8243; _builder_version=&#8221;4.24.0&#8243; background_enable_color=&#8221;off&#8221; custom_padding=&#8221;|||&#8221; border_color_bottom=&#8221;#BACBA9&#8243; box_shadow_style=&#8221;preset3&#8243; locked=&#8221;off&#8221; global_colors_info=&#8221;{}&#8221;][et_pb_row _builder_version=&#8221;4.16&#8243; custom_padding=&#8221;|||&#8221; global_colors_info=&#8221;{}&#8221;][et_pb_column type=&#8221;4_4&#8243; _builder_version=&#8221;4.16&#8243; custom_padding=&#8221;|||&#8221; global_colors_info=&#8221;{}&#8221; custom_padding__hover=&#8221;|||&#8221;][et_pb_text _builder_version=&#8221;4.24.1&#8243; text_font=&#8221;Loto Regular||||||||&#8221; header_font=&#8221;||||||||&#8221; text_orientation=&#8221;center&#8221; max_width=&#8221;800px&#8221; max_width_tablet=&#8221;&#8221; max_width_phone=&#8221;&#8221; max_width_last_edited=&#8221;on|phone&#8221; module_alignment=&#8221;center&#8221; custom_padding=&#8221;|||&#8221; global_colors_info=&#8221;{}&#8221;]<\/p>\n<h3 class=\"p1\" style=\"text-align: center;\">1. Haz un presupuesto y empieza a ahorrar<\/h3>\n<p class=\"p1\">El carnaval es caro. Pero merece totalmente la pena, y si consigues entradas anticipadas para las fiestas, podr\u00e1s ahorrarte unos $$$.<\/p>\n<p class=\"p1\"><span style=\"text-decoration: underline;\">Aqu\u00ed tienes una visi\u00f3n general de los costes que puedes esperar:<\/span><\/p>\n<p class=\"p1\">&#8211; Traje: unos 550<\/p>\n<p class=\"p1\">&#8211; Mochila &#8220;Las Plumas&#8221; (opcional): $200-$300<\/p>\n<p class=\"p1\">\n<p class=\"p1\" style=\"text-align: center;\">\n<p>[\/et_pb_text][\/et_pb_column][\/et_pb_row][\/et_pb_section][et_pb_section fb_built=&#8221;1&#8243; admin_label=&#8221;Video&#8221; module_id=&#8221;2&#8243; _builder_version=&#8221;4.24.0&#8243; background_color=&#8221;#FFFFFF&#8221; custom_padding=&#8221;|||&#8221; box_shadow_style=&#8221;preset2&#8243; locked=&#8221;off&#8221; global_colors_info=&#8221;{}&#8221;][et_pb_row _builder_version=&#8221;4.16&#8243; custom_padding=&#8221;|||&#8221; global_colors_info=&#8221;{}&#8221;][et_pb_column type=&#8221;4_4&#8243; _builder_version=&#8221;4.16&#8243; custom_padding=&#8221;|||&#8221; global_colors_info=&#8221;{}&#8221; custom_padding__hover=&#8221;|||&#8221;][et_pb_text _builder_version=&#8221;4.24.1&#8243; text_font=&#8221;Loto Regular||||||||&#8221; header_font=&#8221;||||||||&#8221; text_orientation=&#8221;center&#8221; max_width=&#8221;800px&#8221; max_width_tablet=&#8221;&#8221; max_width_phone=&#8221;&#8221; max_width_last_edited=&#8221;on|phone&#8221; module_alignment=&#8221;center&#8221; custom_padding=&#8221;|||&#8221; global_colors_info=&#8221;{}&#8221;]<\/p>\n<h3 class=\"p1\" style=\"text-align: center;\">2. Conoce las fechas y planifica en consecuencia<\/h3>\n<p class=\"p1\"><span style=\"font-weight: 400;\">As\u00ed que, cuando te prepares para saltar con una de las bandas de carnaval de Santa Luc\u00eda, tienes que estar al tanto de los acontecimientos y fechas clave.<br \/>\nIncluso si no puedes asistir a la gran marcha, tienes la oportunidad de asistir a algunas de las principales fiestas previas al carnaval que pueden darte una idea del ambiente carnavalesco. <\/span><\/p>\n<p class=\"p1\" style=\"text-align: center;\">[\/et_pb_text][\/et_pb_column][\/et_pb_row][\/et_pb_section][et_pb_section fb_built=&#8221;1&#8243; _builder_version=&#8221;4.23.2&#8243; _module_preset=&#8221;default&#8221; global_colors_info=&#8221;{}&#8221;][et_pb_row _builder_version=&#8221;4.23.2&#8243; _module_preset=&#8221;default&#8221; global_colors_info=&#8221;{}&#8221;][et_pb_column type=&#8221;4_4&#8243; _builder_version=&#8221;4.23.2&#8243; _module_preset=&#8221;default&#8221; global_colors_info=&#8221;{}&#8221;][dsm_content_timeline dsm_card_arrow=&#8221;on&#8221; dsm_tree_animation=&#8221;on&#8221; dsm_bg_color=&#8221;#FFFFFF&#8221; dsm_pointer_bg_color=&#8221;#000000&#8243; dsm_pointer_active_bg_color=&#8221;#FF6B59&#8243; dsm_tree_bg_color=&#8221;#000000&#8243; dsm_tree_active_bg_color=&#8221;#BACBA9&#8243; _builder_version=&#8221;4.25.1&#8243; _module_preset=&#8221;default&#8221; header_level=&#8221;h3&#8243; header_font=&#8221;Montserrat Medium 700||||||||&#8221; header_text_color=&#8221;#FF6B59&#8243; hover_enabled=&#8221;0&#8243; box_shadow_style_card_shadow=&#8221;preset1&#8243; global_colors_info=&#8221;{}&#8221; sticky_enabled=&#8221;0&#8243;][dsm_content_timeline_child alt=&#8221;lanzamiento de disfraces para el carnaval de jamaica 2024&#8243; title_text=&#8221;Carnaval de Santa Luc\u00eda3&#8243; dsm_title=&#8221;Enero\/febrero de 2024&#8243; dsm_content=&#8221;<\/p>\n<h3>Lanzamiento de disfraces<\/h3>\n<p><span style=%22font-weight: 400;%22>Los lanzamientos de disfraces son mis favoritos.<br \/>\nInician la cuenta atr\u00e1s del carnaval con una explosi\u00f3n.<br \/>\nPero d\u00e9jame decirte que, por mucho que me gusten, no facilitan la elecci\u00f3n del disfraz: \u00a1las opciones son demasiado incre\u00edbles!<br \/>\nPor suerte, la emoci\u00f3n no acaba ah\u00ed.<br \/>\nDespu\u00e9s de presenciar estos impresionantes lanzamientos, puedes pasarte por las salas de exposici\u00f3n de las bandas para explorar \u00edntimamente los disfraces.<br \/>\nEs una oportunidad para maravillarte con cada intrincado detalle y sumergirte por completo en la magia que desprenden.<br \/>\nAdem\u00e1s, puedes incluso inscribirte con tu banda preferida y seleccionar personalmente el disfraz que resuene perfectamente con tu esp\u00edritu carnavalesco.        <\/span><\/p>\n<p>&#8221; _builder_version=&#8221;4.27.0&#8243; _module_preset=&#8221;default&#8221; header_level=&#8221;h3&#8243; header_font=&#8221;Montserrat Medium 700||||||||&#8221; header_text_color=&#8221;#FF6B59&#8243; hover_enabled=&#8221;0&#8243; global_colors_info=&#8221;{}&#8221; parent_header_level=&#8221;h3&#8243; dsm_image=&#8221;https:\/\/unique-universe.blog\/wp-content\/uploads\/2024\/09\/St.-Lucia-carnival3.jpg&#8221; sticky_enabled=&#8221;0&#8243;][\/dsm_content_timeline_child][dsm_content_timeline_child dsm_image=&#8221;https:\/\/unique-universe.blog\/wp-content\/uploads\/2023\/10\/trinidadtobago5.jpg&#8221; alt=&#8221;fiesta soca&#8221; title_text=&#8221;trinidad&amp;tobago5&#8243; dsm_title=&#8221;1 de junio &#8211; 16 de julio&#8221; dsm_content=&#8221;<\/p>\n<h3><strong>FIESTAS Y EVENTOS PREVIOS AL CARNAVAL<\/strong><\/h3>\n<p><span style=%22font-weight: 400;%22>En la temporada precarnavalesca, Castries cobra vida.<br \/>\nPr\u00e1cticamente todos los d\u00edas hay un zumbido constante de Soca y actos con tem\u00e1tica carnavalesca, por lo que es la oportunidad perfecta para mezclarse con otros juerguistas.<br \/>\nDurante la temporada de carnaval encontrar\u00e1s actos nacionales, fiestas privadas (como en el sector privado), actos musicales en la Carpa del Calypso y la Soca y actos comunitarios donde se re\u00fanen todas las bandas.    <\/span><\/p>\n<p><span style=%22font-weight: 400;%22>Algunos de los acontecimientos m\u00e1s tradicionales, como el Concurso Nacional de Reinas y las Finales de Calypso, tienen lugar bastante pronto durante la temporada.  <\/span><\/p>\n<p>&#8221; _builder_version=&#8221;4.24.2&#8243; _module_preset=&#8221;default&#8221; header_level=&#8221;h3&#8243; header_font=&#8221;Montserrat Medium 700||||||||&#8221; header_text_color=&#8221;#FF6B59&#8243; global_colors_info=&#8221;{}&#8221; parent_header_level=&#8221;h3&#8243;][\/dsm_content_timeline_child][dsm_content_timeline_child dsm_image=&#8221;https:\/\/unique-universe.blog\/wp-content\/uploads\/2023\/06\/IMG_2602.jpg&#8221; title_text=&#8221;IMG_2602&#8243; dsm_title=&#8221;2\u00aa semana de julio&#8221; dsm_content=&#8221;<\/p>\n<h3><strong>RECOGE TU DISFRAZ PARA EL CARNAVAL DE SANTA LUC\u00cdA<\/strong><\/h3>\n<p><span style=%22font-weight: 400;%22>A menos que utilices un conserje de carnaval, tendr\u00e1s que planificar un d\u00eda para recoger tu disfraz. Tu banda te comunicar\u00e1 la hora y el lugar exactos de recogida.<\/span><\/p>\n<p>&#8221; _builder_version=&#8221;4.24.2&#8243; _module_preset=&#8221;default&#8221; hover_enabled=&#8221;0&#8243; global_colors_info=&#8221;{}&#8221; parent_header_level=&#8221;h3&#8243; sticky_enabled=&#8221;0&#8243;][\/dsm_content_timeline_child][dsm_content_timeline_child dsm_image=&#8221;https:\/\/unique-universe.blog\/wp-content\/uploads\/2024\/09\/Lucia-Carnival.jpg&#8221; alt=&#8221;Yo en la ma\u00f1ana del Jouvert en Santa Luc\u00eda&#8221; title_text=&#8221;Carnaval de Luc\u00eda&#8221; dsm_title=&#8221;13 de julio&#8221; dsm_content=&#8221;<\/p>\n<h3><strong>J&apos;OUVERT<\/strong><\/h3>\n<p><span style=%22font-weight: 400;%22>\u00a1Mi fiesta favorita y m\u00e1s salvaje del a\u00f1o! La fiesta de pintura y color tiene lugar tradicionalmente la noche del viernes al s\u00e1bado y comienza el s\u00e1bado a las 2 de la madrugada hasta las 5 de la ma\u00f1ana.<br \/>\nEn Santa Luc\u00eda, \u00a1el J&apos;ouvert es uno de los acontecimientos nacionales! <\/span><\/p>\n<p>&#8221; button_url_new_window=&#8221;on&#8221; _builder_version=&#8221;4.27.0&#8243; _module_preset=&#8221;default&#8221; hover_enabled=&#8221;0&#8243; global_colors_info=&#8221;{}&#8221; parent_header_level=&#8221;h3&#8243; sticky_enabled=&#8221;0&#8243;][\/dsm_content_timeline_child][dsm_content_timeline_child dsm_image=&#8221;https:\/\/unique-universe.blog\/wp-content\/uploads\/2024\/09\/St.-Lucia-carnival5.jpeg&#8221; alt=&#8221;Carnaval del Caribe&#8221; title_text=&#8221;Carnaval de Santa Luc\u00eda5&#8243; dsm_title=&#8221;15 y 16 de julio&#8221; dsm_content=&#8221;<\/p>\n<h3>DOS DESFILES DE LAS BANDAS<\/h3>\n<p><span style=%22font-weight: 400;%22>Los d\u00edas 15 y 16 de julio son los d\u00edas grandes en Castries, ya que todas las bandas se unen para tomar las calles.  <\/span><\/p>\n<p><span style=%22font-weight: 400;%22>Con innumerables bandas de mas, cada una con su propio tema y cami\u00f3n musical, te espera un espect\u00e1culo fascinante.<br \/>\nPrep\u00e1rate para bailar, saltar y deleitarte con las festividades mientras te unes a la ruta del desfile que serpentea por las vibrantes calles de Castries.   <\/span><\/p>\n<p><span style=%22font-weight: 400;%22><strong>El lunes 15 de julio<\/strong> es el primer d\u00eda del desfile, en el que podr\u00e1s llevar el disfraz.  <\/span><\/p>\n<p><span style=%22font-weight: 400;%22><strong>El martes 16 de julio<\/strong> es el segundo d\u00eda del desfile.<br \/>\nLos juerguistas saldr\u00e1n con ropa del segundo d\u00eda.<br \/>\nLa mayor\u00eda de las bandas te proporcionar\u00e1n una opci\u00f3n estilo monokini.    <\/span><\/p>\n<p>&#8221; _builder_version=&#8221;4.27.0&#8243; _module_preset=&#8221;default&#8221; hover_enabled=&#8221;0&#8243; global_colors_info=&#8221;{}&#8221; parent_header_level=&#8221;h3&#8243; sticky_enabled=&#8221;0&#8243;][\/dsm_content_timeline_child][dsm_content_timeline_child dsm_image=&#8221;https:\/\/unique-universe.blog\/wp-content\/uploads\/2024\/06\/Community-Carnival-Calendar-scaled-1.jpg&#8221; alt=&#8221;Eventos del Carnaval de Santa Luc\u00eda&#8221; title_text=&#8221;Comunidad-Carnaval-Calendario&#8211;escalado&#8221; dsm_title=&#8221;Despu\u00e9s del 17 de julio&#8221; dsm_content=&#8221;<\/p>\n<h3><strong>Actos de la Comunidad Postnacional Pardae<\/strong><\/h3>\n<p><span style=%22font-weight: 400;%22><strong>20 y 21 de julio<\/strong> Carnaval de Anse La Raye<\/span><\/p>\n<p><span style=%22font-weight: 400;%22><strong>28 y 29 de julio:<\/strong> Carnaval de Soufiere  <\/span><\/p>\n<p><span style=%22font-weight: 400;%22><strong>3 y 4 de agosto:<\/strong> Carnaval de Micoud<\/span><\/p>\n<p><span style=%22font-weight: 400;%22><strong>3 y 4 de agosto:<\/strong> Carnaval de Gros Islet  <\/span><\/p>\n<p><span style=%22font-weight: 400;%22><strong>4 de agosto:<\/strong> Canarias<\/span><\/p>\n<p><span style=%22font-weight: 400;%22><strong>10 y 11 de agosto:<\/strong> Carnaval del Valle de Mabouya  <\/span><\/p>\n<p>&#8221; _builder_version=&#8221;4.25.1&#8243; _module_preset=&#8221;default&#8221; global_colors_info=&#8221;{}&#8221; parent_header_level=&#8221;h3&#8243;][\/dsm_content_timeline_child][\/dsm_content_timeline][\/et_pb_column][\/et_pb_row][\/et_pb_section][et_pb_section fb_built=&#8221;1&#8243; _builder_version=&#8221;4.18.0&#8243; _module_preset=&#8221;default&#8221; global_colors_info=&#8221;{}&#8221;][et_pb_row column_structure=&#8221;2_5,3_5&#8243; use_custom_gutter=&#8221;on&#8221; gutter_width=&#8221;1&#8243; make_equal=&#8221;on&#8221; module_id=&#8221;3&#8243; module_class=&#8221;reverse&#8221; _builder_version=&#8221;4.24.0&#8243; _module_preset=&#8221;default&#8221; custom_css_main_element=&#8221;align-items: center;&#8221; global_colors_info=&#8221;{}&#8221;][et_pb_column type=&#8221;2_5&#8243; _builder_version=&#8221;4.18.0&#8243; _module_preset=&#8221;default&#8221; background_color=&#8221;#FFFFFF&#8221; custom_padding=&#8221;110px|60px|110px|40px|true|false&#8221; custom_padding_tablet=&#8221;60px||60px||true|false&#8221; custom_padding_phone=&#8221;40px|20px|40px|20px|true|true&#8221; custom_padding_last_edited=&#8221;on|phone&#8221; box_shadow_style=&#8221;preset2&#8243; box_shadow_horizontal=&#8221;-6px&#8221; box_shadow_color=&#8221;rgba(0,0,0,0.1)&#8221; global_colors_info=&#8221;{}&#8221;][et_pb_blurb title=&#8221;3. Reservar vuelos y alojamiento&#8221; use_icon=&#8221;on&#8221; font_icon=&#8221;&#xf64a;||fa||900&#8243; icon_color=&#8221;#FF6B59&#8243; icon_placement=&#8221;left&#8221; content_max_width=&#8221;100%&#8221; image_tablet=&#8221;https:\/\/unique-universe.blog\/wp-content\/uploads\/2022\/06\/Compass-Logo.svg&#8221; image_phone=&#8221;&#8221; image_last_edited=&#8221;on|phone&#8221; icon_placement_tablet=&#8221;left&#8221; icon_placement_phone=&#8221;top&#8221; icon_placement_last_edited=&#8221;on|phone&#8221; _builder_version=&#8221;4.27.0&#8243; _module_preset=&#8221;default&#8221; header_level=&#8221;h3&#8243; header_font=&#8221;Merriweather||||||||&#8221; header_font_size=&#8221;28px&#8221; body_font=&#8221;Loto Regular||||||||&#8221; hover_enabled=&#8221;0&#8243; global_colors_info=&#8221;{}&#8221; image__hover_enabled=&#8221;off|desktop&#8221; sticky_enabled=&#8221;0&#8243;]<\/p>\n<p><span style=\"font-weight: 400;\">El Carnaval de Santa Luc\u00eda tiene lugar durante la temporada baja, lo que dificulta mucho el acceso a los viajeros internacionales.<br \/>\nAseg\u00farate de comprobar los vuelos con antelaci\u00f3n, de lo contrario podr\u00edan acabar resultando muy caros.<br \/>\nEl Carnaval de Santa Luc\u00eda es muy popular, por lo que los alojamientos se agotan r\u00e1pidamente, \u00a1as\u00ed que res\u00e9rvalos con tu vuelo!  <\/span><\/p>\n<p><span style=\"font-weight: 400;\">Las Pre-Fiestas suelen tener lugar cerca de Rodney Bay.<br \/>\nHarmony Marina Suites y Coco Palm eran dos alojamientos perfectamente ubicados y s\u00faper c\u00f3modos que puedo recomendar totalmente. <\/span><\/p>\n<p class=\"p1\" style=\"text-align: center;\">[\/et_pb_blurb][\/et_pb_column][et_pb_column type=&#8221;3_5&#8243; _builder_version=&#8221;4.17.4&#8243; _module_preset=&#8221;default&#8221; global_colors_info=&#8221;{}&#8221;][et_pb_image src=&#8221;https:\/\/unique-universe.blog\/wp-content\/uploads\/2024\/06\/coco-palm.jpeg&#8221; alt=&#8221;me recupero del carnaval de jamaica 2023&#8243; title_text=&#8221;palma de coco&#8221; _builder_version=&#8221;4.25.1&#8243; _module_preset=&#8221;default&#8221; global_colors_info=&#8221;{}&#8221;][\/et_pb_image][\/et_pb_column][\/et_pb_row][et_pb_row module_id=&#8221;4&#8243; _builder_version=&#8221;4.24.0&#8243; _module_preset=&#8221;default&#8221; global_colors_info=&#8221;{}&#8221;][et_pb_column type=&#8221;4_4&#8243; _builder_version=&#8221;4.18.0&#8243; _module_preset=&#8221;default&#8221; global_colors_info=&#8221;{}&#8221;][et_pb_text admin_label=&#8221;Title &#038; Paragraph&#8221; _builder_version=&#8221;4.24.1&#8243; text_font=&#8221;Noto Sans||||||||&#8221; text_font_size=&#8221;17px&#8221; text_line_height=&#8221;1.9em&#8221; link_font=&#8221;||||||||&#8221; ul_font=&#8221;||||||||&#8221; ol_font=&#8221;||||||||&#8221; quote_font=&#8221;||||||||&#8221; header_font=&#8221;||||||||&#8221; header_text_align=&#8221;center&#8221; header_2_font=&#8221;Merriweather|700|||||||&#8221; header_2_text_align=&#8221;center&#8221; header_2_line_height=&#8221;1.5em&#8221; header_3_font=&#8221;||||||||&#8221; module_alignment=&#8221;right&#8221; header_2_font_size_phone=&#8221;34px&#8221; locked=&#8221;off&#8221; global_colors_info=&#8221;{}&#8221;]<\/p>\n<h2 style=\"text-align: center;\">4. Conoce las bandas de carnaval de Santa Luc\u00eda<\/h2>\n<p style=\"text-align: center;\"><span style=\"font-weight: 400;\">Adentr\u00e9monos en el din\u00e1mico mundo de las bandas de Carnaval de Santa Luc\u00eda: \u00a1es hora de elegir tu banda y tu disfraz de espect\u00e1culo!  <\/span><\/p>\n<p style=\"text-align: center;\">\n<h3 style=\"text-align: center;\"><span style=\"text-decoration: underline;\"><strong>Estas bandas participan en el carnaval de Santa Luc\u00eda 2024:<\/strong><\/span><\/h3>\n<div class=\"flex-1 overflow-hidden\">\n<div class=\"react-scroll-to-bottom--css-mafvt-79elbk h-full\">\n<div class=\"react-scroll-to-bottom--css-mafvt-1n7m0yu\">\n<div class=\"flex flex-col pb-9 text-sm\">\n<div class=\"w-full text-token-text-primary\" data-testid=\"conversation-turn-25\">\n<div class=\"px-4 py-2 justify-center text-base md:gap-6 m-auto\">\n<div class=\"flex flex-1 text-base mx-auto gap-3 md:px-5 lg:px-1 xl:px-5 md:max-w-3xl lg:max-w-[40rem] xl:max-w-[48rem] group final-completion\">\n<div class=\"relative flex w-full flex-col lg:w-[calc(100%-115px)] agent-turn\">\n<div class=\"flex-col gap-1 md:gap-3\">\n<div class=\"flex flex-grow flex-col max-w-full\">\n<div class=\"min-h-[20px] text-message flex flex-col items-start gap-3 whitespace-pre-wrap break-words [.text-message+&amp;]:mt-5 overflow-x-auto\" data-message-author-role=\"assistant\" data-message-id=\"d3b07c9e-3190-4ca9-9948-1082dd19e01b\">\n<div class=\"markdown prose w-full break-words dark:prose-invert light\">\n<div class=\"flex-1 overflow-hidden\" style=\"text-align: center;\">\n<div class=\"react-scroll-to-bottom--css-mafvt-79elbk h-full\">\n<div class=\"react-scroll-to-bottom--css-mafvt-1n7m0yu\">\n<div class=\"flex flex-col pb-9 text-sm\">\n<div class=\"w-full text-token-text-primary\" data-testid=\"conversation-turn-25\">\n<div class=\"px-4 py-2 justify-center text-base md:gap-6 m-auto\">\n<div class=\"flex flex-1 text-base mx-auto gap-3 md:px-5 lg:px-1 xl:px-5 md:max-w-3xl lg:max-w-[40rem] xl:max-w-[48rem] group final-completion\">\n<div class=\"relative flex w-full flex-col lg:w-[calc(100%-115px)] agent-turn\">\n<div class=\"flex-col gap-1 md:gap-3\">\n<div class=\"mt-1 flex justify-start gap-3 empty:hidden\">\n<div class=\"text-gray-400 flex self-end lg:self-center justify-center lg:justify-start mt-0 gap-1 visible\"><\/div>\n<\/div>\n<\/div>\n<\/div>\n<\/div>\n<\/div>\n<\/div>\n<\/div>\n<\/div>\n<\/div>\n<\/div>\n<p style=\"text-align: center;\">\n<\/div>\n<\/div>\n<\/div>\n<\/div>\n<\/div>\n<\/div>\n<\/div>\n<\/div>\n<\/div>\n<\/div>\n<\/div>\n<\/div>\n<p class=\"p1\" style=\"text-align: center;\">[\/et_pb_text][\/et_pb_column][\/et_pb_row][et_pb_row column_structure=&#8221;1_2,1_2&#8243; make_equal=&#8221;on&#8221; _builder_version=&#8221;4.24.2&#8243; _module_preset=&#8221;default&#8221; module_alignment=&#8221;center&#8221; global_colors_info=&#8221;{}&#8221;][et_pb_column type=&#8221;1_2&#8243; _builder_version=&#8221;4.23&#8243; _module_preset=&#8221;default&#8221; global_colors_info=&#8221;{}&#8221;][et_pb_text content_tablet=&#8221;<\/p>\n<h3 style=%22text-align: right;%22><span style=%22text-decoration: underline;%22><b>Banda de Carnaval Just4Fun<\/b><\/span><\/h3>\n<p style=%22text-align: right;%22><b>L\u00edder de la banda:<\/b><span style=%22font-weight: 400;%22> Veil Tobierre<\/span><\/p>\n<p style=%22text-align: right;%22><b>Instagram:<\/b><span style=%22font-weight: 400;%22>  <\/span><a href=%22https:\/\/www.instagram.com\/just4funcarnival\/?hl=en%22><span style=%22font-weight: 400;%22>@just4funcarnival<\/span><\/a><\/p>\n<p style=%22text-align: right;%22><b>W:<\/b> <a href=%22http:\/\/just4funcarnival.com\/%22><span style=%22font-weight: 400;%22>just4funcarnival.com<\/span><\/a><\/p>\n<h3 style=%22text-align: right;%22><span style=%22text-decoration: underline;%22><b>XUVO<\/b><\/span><\/h3>\n<p style=%22text-align: right;%22><b>L\u00edder(es) de la banda:<\/b><span style=%22font-weight: 400;%22> Lamar Sifflet y Shameela Rambally<\/span><\/p>\n<p style=%22text-align: right;%22><b>Instagram:<\/b> <a href=%22https:\/\/www.instagram.com\/xuvocarnival\/?hl=en%22><span style=%22font-weight: 400;%22>@xuvocarnival<\/span><\/a><\/p>\n<p style=%22text-align: right;%22><b>W:<\/b> <a href=%22https:\/\/carnivalsaintlucia.com\/carnival-bands\/xuvocarnival.com%22><span style=%22font-weight: 400;%22>xuvocarnival.com<\/span><\/a><\/p>\n<h3 style=%22text-align: right;%22><span style=%22text-decoration: underline;%22><b>Fuzion Mas<\/b><\/span><\/h3>\n<p style=%22text-align: right;%22><b>L\u00edder de la banda:<\/b><span style=%22font-weight: 400;%22> Krystal Jean Baptiste <\/span> <\/p>\n<p style=%22text-align: right;%22><b>Instagram:<\/b> <a href=%22https:\/\/www.instagram.com\/fuzionmas\/?hl=en%22><span style=%22font-weight: 400;%22>@fuzionmas<\/span><\/a><\/p>\n<p style=%22text-align: right;%22><b>W:<\/b> <a href=%22http:\/\/fuzionmas.com\/%22><span style=%22font-weight: 400;%22>fuzionmas.com<\/span><\/a><\/p>\n<h3 style=%22text-align: right;%22><span style=%22text-decoration: underline;%22><b>Banda Roja de Carnaval<\/b><\/span><\/h3>\n<p style=%22text-align: right;%22><b>Director de la Banda:<\/b><span style=%22font-weight: 400;%22> Irvin Springer<\/span><\/p>\n<p style=%22text-align: right;%22><b>Instagram:<\/b> <a href=%22https:\/\/www.instagram.com\/redcarnivalband\/?hl=en%22><span style=%22font-weight: 400;%22>@redcarnivalband<\/span><\/a><\/p>\n<p style=%22text-align: right;%22><b>W:<\/b> <a href=%22http:\/\/redcarnivalband.com\/%22><span style=%22font-weight: 400;%22>redcarnivalband.com<\/span><\/a><\/p>\n<h3 style=%22text-align: right;%22><span style=%22text-decoration: underline;%22><b>Legends Banda de Carnaval<\/b><\/span><\/h3>\n<p style=%22text-align: right;%22><b>L\u00edder de la Banda:<\/b><span style=%22font-weight: 400;%22> Zinaida McNamara-Phillip <\/span> <\/p>\n<p style=%22text-align: right;%22><b>Instagram:<\/b> <a href=%22https:\/\/www.instagram.com\/legendscarnival\/?hl=en%22><span style=%22font-weight: 400;%22>@legendscarnival<\/span><\/a> <a href=%22https:\/\/www.instagram.com\/legendscarnivalband\/?hl=en%22><span style=%22font-weight: 400;%22>@legendscarnivalband<\/span><\/a><\/p>\n<p style=%22text-align: right;%22><b>W:<\/b> <a href=%22http:\/\/legends-carnival.com\/%22><span style=%22font-weight: 400;%22>legends-carnival.com<\/span><\/a><\/p>\n<h3 style=%22text-align: right;%22><span style=%22text-decoration: underline;%22><b>Carnaval de la Tribu Isle\u00f1a<\/b><\/span><\/h3>\n<p style=%22text-align: right;%22><b>L\u00edder de la banda:<\/b><span style=%22font-weight: 400;%22> Jason Hullingseed\/Sabina Kirton<\/span><\/p>\n<p style=%22text-align: right;%22><b>T:<\/b><span style=%22font-weight: 400;%22> +1(758) 285-9404 \/ +1(758) 716 5721<\/span><\/p>\n<p style=%22text-align: right;%22><b>Instagram:<\/b> <a href=%22https:\/\/www.instagram.com\/islandtribeslu\/?hl=en%22><span style=%22font-weight: 400;%22>@islandtribeslu<\/span><\/a><\/p>\n<p style=%22text-align: right;%22><b>W:<\/b> <a href=%22http:\/\/islandtribecarnival.com\/%22><span style=%22font-weight: 400;%22>islandtribecarnival.com<\/span><\/a><\/p>\n<p class=%22p1%22 style=%22text-align: right;%22>&#8221; content_phone=&#8221;<\/p>\n<h3 style=%22text-align: left;%22><span style=%22text-decoration: underline;%22><b>Banda de Carnaval Just4Fun<\/b><\/span><\/h3>\n<p style=%22text-align: left;%22><b>L\u00edder de la banda:<\/b><span style=%22font-weight: 400;%22> Veil Tobierre<\/span><\/p>\n<p style=%22text-align: left;%22><b>Instagram:<\/b><span style=%22font-weight: 400;%22>  <\/span><a href=%22https:\/\/www.instagram.com\/just4funcarnival\/?hl=en%22><span style=%22font-weight: 400;%22>@just4funcarnival<\/span><\/a><\/p>\n<p style=%22text-align: left;%22><b>W:<\/b> <a href=%22http:\/\/just4funcarnival.com\/%22><span style=%22font-weight: 400;%22>just4funcarnival.com<\/span><\/a><\/p>\n<h3 style=%22text-align: left;%22><span style=%22text-decoration: underline;%22><b>XUVO<\/b><\/span><\/h3>\n<p style=%22text-align: left;%22><b>L\u00edder(es) de la banda:<\/b><span style=%22font-weight: 400;%22> Lamar Sifflet y Shameela Rambally<\/span><\/p>\n<p style=%22text-align: left;%22><b>Instagram:<\/b> <a href=%22https:\/\/www.instagram.com\/xuvocarnival\/?hl=en%22><span style=%22font-weight: 400;%22>@xuvocarnival<\/span><\/a><\/p>\n<p style=%22text-align: left;%22><b>W:<\/b> <a href=%22https:\/\/carnivalsaintlucia.com\/carnival-bands\/xuvocarnival.com%22><span style=%22font-weight: 400;%22>xuvocarnival.com<\/span><\/a><\/p>\n<h3 style=%22text-align: left;%22><span style=%22text-decoration: underline;%22><b>Fuzion Mas<\/b><\/span><\/h3>\n<p style=%22text-align: left;%22><b>L\u00edder de la banda:<\/b><span style=%22font-weight: 400;%22> Krystal Jean Baptiste <\/span> <\/p>\n<p style=%22text-align: left;%22><b>Instagram:<\/b> <a href=%22https:\/\/www.instagram.com\/fuzionmas\/?hl=en%22><span style=%22font-weight: 400;%22>@fuzionmas<\/span><\/a><\/p>\n<p style=%22text-align: left;%22><b>W:<\/b> <a href=%22http:\/\/fuzionmas.com\/%22><span style=%22font-weight: 400;%22>fuzionmas.com<\/span><\/a><\/p>\n<h3 style=%22text-align: left;%22><span style=%22text-decoration: underline;%22><b>Banda Roja de Carnaval<\/b><\/span><\/h3>\n<p style=%22text-align: left;%22><b>Director de la Banda:<\/b><span style=%22font-weight: 400;%22> Irvin Springer<\/span><\/p>\n<p style=%22text-align: left;%22><b>Instagram:<\/b> <a href=%22https:\/\/www.instagram.com\/redcarnivalband\/?hl=en%22><span style=%22font-weight: 400;%22>@redcarnivalband<\/span><\/a><\/p>\n<p style=%22text-align: left;%22><b>W:<\/b> <a href=%22http:\/\/redcarnivalband.com\/%22><span style=%22font-weight: 400;%22>redcarnivalband.com<\/span><\/a><\/p>\n<h3 style=%22text-align: left;%22><span style=%22text-decoration: underline;%22><b>Legends Banda de Carnaval<\/b><\/span><\/h3>\n<p style=%22text-align: left;%22><b>L\u00edder de la Banda:<\/b><span style=%22font-weight: 400;%22> Zinaida McNamara-Phillip <\/span> <\/p>\n<p style=%22text-align: left;%22><b>Instagram:<\/b> <a href=%22https:\/\/www.instagram.com\/legendscarnival\/?hl=en%22><span style=%22font-weight: 400;%22>@legendscarnival<\/span><\/a> <a href=%22https:\/\/www.instagram.com\/legendscarnivalband\/?hl=en%22><span style=%22font-weight: 400;%22>@legendscarnivalband<\/span><\/a><\/p>\n<p style=%22text-align: left;%22><b>W:<\/b> <a href=%22http:\/\/legends-carnival.com\/%22><span style=%22font-weight: 400;%22>legends-carnival.com<\/span><\/a><\/p>\n<h3 style=%22text-align: left;%22><span style=%22text-decoration: underline;%22><b>Carnaval de la Tribu Isle\u00f1a<\/b><\/span><\/h3>\n<p style=%22text-align: left;%22><b>L\u00edder de la banda:<\/b><span style=%22font-weight: 400;%22> Jason Hullingseed\/Sabina Kirton<\/span><\/p>\n<p style=%22text-align: left;%22><b>T:<\/b><span style=%22font-weight: 400;%22> +1(758) 285-9404 \/ +1(758) 716 5721<\/span><\/p>\n<p style=%22text-align: left;%22><b>Instagram:<\/b> <a href=%22https:\/\/www.instagram.com\/islandtribeslu\/?hl=en%22><span style=%22font-weight: 400;%22>@islandtribeslu<\/span><\/a><\/p>\n<p style=%22text-align: left;%22><b>W:<\/b> <a href=%22http:\/\/islandtribecarnival.com\/%22><span style=%22font-weight: 400;%22>islandtribecarnival.com<\/span><\/a><\/p>\n<p class=%22p1%22 style=%22text-align: left;%22>&#8221; content_last_edited=&#8221;on|phone&#8221; _builder_version=&#8221;4.25.1&#8243; _module_preset=&#8221;default&#8221; link_text_color=&#8221;#000000&#8243; global_colors_info=&#8221;{}&#8221;]<\/p>\n<p style=\"text-align: right;\"><strong><a href=\"https:\/\/www.instagram.com\/just4funcarnival\" target=\"_blank\" rel=\"noopener\"><a href=\"https:\/\/www.instagram.com\/just4funcarnival\" target=\"_blank\" rel=\"noopener\">Bandas de Santa Luc\u00eda:<\/a><\/a><\/strong><\/p>\n<p style=\"text-align: right;\"><strong><span style=\"text-decoration: underline;\"><a href=\"https:\/\/www.instagram.com\/royalitesxtreme\/\" target=\"_blank\" rel=\"noopener\"><a href=\"https:\/\/www.instagram.com\/royalitesxtreme\/\" target=\"_blank\" rel=\"noopener\">Roylatites Xtreme (mi elecci\u00f3n para Santa Luc\u00eda 2024)<\/a><\/a><\/span><\/strong><\/p>\n<p style=\"text-align: right;\"><span style=\"text-decoration: underline;\"><a href=\"https:\/\/www.instagram.com\/just4funcarnival\" target=\"_blank\" rel=\"noopener\"><a href=\"https:\/\/www.instagram.com\/just4funcarnival\" target=\"_blank\" rel=\"noopener\">Banda de Carnaval Just4Fun<\/a><\/a><\/span><\/p>\n<p style=\"text-align: right;\"><span style=\"text-decoration: underline;\"><a href=\"https:\/\/www.instagram.com\/xuvocarnival\/\" target=\"_blank\" rel=\"noopener\"><a href=\"https:\/\/www.instagram.com\/xuvocarnival\/\" target=\"_blank\" rel=\"noopener\">XUVO<\/a><\/a><\/span><\/p>\n<p style=\"text-align: right;\"><span style=\"text-decoration: underline;\"><a href=\"https:\/\/www.instagram.com\/fuzionmas\/\" target=\"_blank\" rel=\"noopener\"><a href=\"https:\/\/www.instagram.com\/fuzionmas\/\" target=\"_blank\" rel=\"noopener\">Fuzion Mas<\/a><\/a><\/span><\/p>\n<p style=\"text-align: right;\"><span style=\"text-decoration: underline;\"><a href=\"https:\/\/www.instagram.com\/legendscarnival\/\" target=\"_blank\" rel=\"noopener\"><a href=\"https:\/\/www.instagram.com\/legendscarnival\/\" target=\"_blank\" rel=\"noopener\">Legends Banda de Carnaval<\/a><\/a><\/span><\/p>\n<p style=\"text-align: right;\"><span style=\"text-decoration: underline;\"><a href=\"https:\/\/www.instagram.com\/islandtribeslu\/\" target=\"_blank\" rel=\"noopener\"><a href=\"https:\/\/www.instagram.com\/islandtribeslu\/\" target=\"_blank\" rel=\"noopener\">Carnaval de la Tribu Isle\u00f1a<\/a><\/a><\/span><\/p>\n<p>[\/et_pb_text][\/et_pb_column][et_pb_column type=&#8221;1_2&#8243; _builder_version=&#8221;4.23&#8243; _module_preset=&#8221;default&#8221; global_colors_info=&#8221;{}&#8221;][et_pb_text _builder_version=&#8221;4.25.1&#8243; _module_preset=&#8221;default&#8221; link_text_color=&#8221;#000000&#8243; global_colors_info=&#8221;{}&#8221;]<\/p>\n<p><strong>Bandas internacionales<\/strong><\/p>\n<p><span style=\"text-decoration: underline;\"><a href=\"https:\/\/www.instagram.com\/wearephoenixmas\/\" target=\"_blank\" rel=\"noopener\"><a href=\"https:\/\/www.instagram.com\/wearephoenixmas\/\" target=\"_blank\" rel=\"noopener\">Pheonix Mas<\/a><\/a><\/span><\/p>\n<p><span style=\"text-decoration: underline;\"><a href=\"https:\/\/www.instagram.com\/kravetheband\/\" target=\"_blank\" rel=\"noopener\"><a href=\"https:\/\/www.instagram.com\/kravetheband\/\" target=\"_blank\" rel=\"noopener\">Krave la banda<\/a><\/a><\/span><\/p>\n<p>[\/et_pb_text][\/et_pb_column][\/et_pb_row][et_pb_row column_structure=&#8221;2_5,3_5&#8243; use_custom_gutter=&#8221;on&#8221; gutter_width=&#8221;1&#8243; make_equal=&#8221;on&#8221; module_id=&#8221;5&#8243; module_class=&#8221;reverse&#8221; _builder_version=&#8221;4.24.0&#8243; _module_preset=&#8221;default&#8221; custom_css_main_element=&#8221;align-items: center;&#8221; global_colors_info=&#8221;{}&#8221;][et_pb_column type=&#8221;2_5&#8243; _builder_version=&#8221;4.18.0&#8243; _module_preset=&#8221;default&#8221; background_color=&#8221;#FFFFFF&#8221; custom_padding=&#8221;110px|60px|110px|40px|true|false&#8221; custom_padding_tablet=&#8221;60px||60px||true|false&#8221; custom_padding_phone=&#8221;40px|20px|40px|20px|true|true&#8221; custom_padding_last_edited=&#8221;on|phone&#8221; box_shadow_style=&#8221;preset2&#8243; box_shadow_horizontal=&#8221;-6px&#8221; box_shadow_color=&#8221;rgba(0,0,0,0.1)&#8221; global_colors_info=&#8221;{}&#8221;][et_pb_blurb title=&#8221;5. C\u00f3mo elegir tu disfraz de carnaval&#8221; use_icon=&#8221;on&#8221; font_icon=&#8221;&#xf554;||fa||900&#8243; icon_color=&#8221;#FF6B59&#8243; icon_placement=&#8221;left&#8221; content_max_width=&#8221;100%&#8221; image_tablet=&#8221;https:\/\/unique-universe.blog\/wp-content\/uploads\/2022\/06\/Compass-Logo.svg&#8221; image_phone=&#8221;&#8221; image_last_edited=&#8221;on|phone&#8221; icon_placement_tablet=&#8221;left&#8221; icon_placement_phone=&#8221;top&#8221; icon_placement_last_edited=&#8221;on|phone&#8221; _builder_version=&#8221;4.24.1&#8243; _module_preset=&#8221;default&#8221; header_level=&#8221;h3&#8243; header_font=&#8221;Merriweather||||||||&#8221; header_font_size=&#8221;28px&#8221; body_font=&#8221;Loto Regular||||||||&#8221; global_colors_info=&#8221;{}&#8221; image__hover_enabled=&#8221;off|desktop&#8221;]<span style=\"font-weight: 400;\">Elegir la banda de carnaval perfecta es tu billete de oro para bailar por las calles de Castries el pr\u00f3ximo mes de julio.<br \/>\nTendr\u00e1s que alinearte con una banda y ponerte uno de sus impresionantes disfraces para sumergirte de verdad en las festividades.<br \/>\nEstos disfraces suelen desvelarse durante los glamurosos actos de revelaci\u00f3n de disfraces que se celebran en enero o febrero, lo que provoca una oleada de expectaci\u00f3n y emoci\u00f3n.  <\/span><\/p>\n<p><b>Pero aqu\u00ed tienes un valioso consejo: los disfraces y tallas m\u00e1s codiciados tienden a desaparecer r\u00e1pidamente, \u00a1as\u00ed que es aconsejable que te asegures tu plaza al principio del juego!<\/b><b>C\u00f3mo elegir un disfraz:<\/b><span style=\"font-weight: 400;\">Los Carnavales del Caribe ofrecen un sinf\u00edn de opciones de disfraces adaptados a las diversas preferencias y niveles de comodidad, lo que garantiza que todo el mundo pueda participar plenamente en las animadas celebraciones seg\u00fan su estilo y comodidad individuales.<\/span><b>En primera l\u00ednea:<\/b><span style=\"font-weight: 400;\">  El disfraz de Frontline es el ep\u00edtome de la extravagancia y el encanto.<br \/>\nCon sus extravagantes dise\u00f1os, intrincados detalles y vibrantes colores, el disfraz de Frontline es un aut\u00e9ntico espect\u00e1culo.<br \/>\nInspirados en el tema de la banda de Carnaval, los disfraces de Frontline ocupan el centro del escenario durante el desfile, exudando dramatismo y artesan\u00eda en cada detalle.<br \/>\nA menudo m\u00e1s grandes y ornamentados, los disfraces de Primera L\u00ednea pueden llevar elaborados tocados y otros elementos llamativos, llamando la atenci\u00f3n a cada paso.   <\/span><\/p>\n<p><b>L\u00ednea de retaguardia:<\/b><span style=\"font-weight: 400;\">  Para los que buscan un equilibrio entre estilo y practicidad, el disfraz Backline ofrece una elecci\u00f3n adecuada.<br \/>\nAunque siguen siendo vibrantes y animados, los disfraces de Backline suelen ser m\u00e1s sencillos y c\u00f3modos de llevar.<br \/>\nMantienen la esencia del Carnaval con sus coloridos dise\u00f1os, pero facilitan el movimiento de los juerguistas.<br \/>\nCon elementos decorativos m\u00e1s discretos en comparaci\u00f3n con las opciones de Primera L\u00ednea, los disfraces de Segunda L\u00ednea son una opci\u00f3n popular para los participantes que desean unirse a las fiestas sin extravagancias.   <\/span><\/p>\n<p><b>Cobertura total:<\/b><span style=\"font-weight: 400;\">  Abrazando el esp\u00edritu del Carnaval con un toque de modestia, los disfraces de Cobertura total se dirigen a las personas que prefieren una cobertura adicional.<br \/>\nEstos disfraces tienen m\u00e1s tela y cubren m\u00e1s parte del cuerpo, pero conservan los elementos coloridos y festivos del atuendo de Carnaval.<br \/>\nIdeales para quienes buscan un poco m\u00e1s de pudor, los disfraces de Cobertura Total ofrecen una opci\u00f3n c\u00f3moda para participar en las celebraciones de Carnaval sin dejar de abrazar la vibrante atm\u00f3sfera.  <\/span><\/p>\n<p class=\"p1\" style=\"text-align: center;\">[\/et_pb_blurb][\/et_pb_column][et_pb_column type=&#8221;3_5&#8243; _builder_version=&#8221;4.18.0&#8243; _module_preset=&#8221;default&#8221; background_color=&#8221;#FFFFFF&#8221; transform_scale=&#8221;112%|112%&#8221; global_colors_info=&#8221;{}&#8221;][et_pb_image src=&#8221;https:\/\/unique-universe.blog\/wp-content\/uploads\/2023\/12\/IMG_9286.jpg&#8221; alt=&#8221;yo eligiendo mi disfraz para el carnaval de jamaica 2024&#8243; title_text=&#8221;IMG_9286&#8243; _builder_version=&#8221;4.23.2&#8243; _module_preset=&#8221;default&#8221; width=&#8221;90%&#8221; module_alignment=&#8221;center&#8221; global_colors_info=&#8221;{}&#8221;][\/et_pb_image][\/et_pb_column][\/et_pb_row][et_pb_row column_structure=&#8221;3_5,2_5&#8243; use_custom_gutter=&#8221;on&#8221; gutter_width=&#8221;1&#8243; make_equal=&#8221;on&#8221; module_id=&#8221;6&#8243; _builder_version=&#8221;4.24.0&#8243; _module_preset=&#8221;default&#8221; module_alignment=&#8221;center&#8221; custom_css_main_element=&#8221;align-items: center;&#8221; global_colors_info=&#8221;{}&#8221;][et_pb_column type=&#8221;3_5&#8243; _builder_version=&#8221;4.17.4&#8243; _module_preset=&#8221;default&#8221; global_colors_info=&#8221;{}&#8221;][et_pb_image src=&#8221;https:\/\/unique-universe.blog\/wp-content\/uploads\/2024\/09\/St.-Lucia-carnival5.jpeg&#8221; alt=&#8221;Yo en el carnaval de Jamaica&#8221; title_text=&#8221;Carnaval de Santa Luc\u00eda5&#8243; force_fullwidth=&#8221;on&#8221; _builder_version=&#8221;4.27.0&#8243; _module_preset=&#8221;default&#8221; min_height=&#8221;90px&#8221; hover_enabled=&#8221;0&#8243; global_colors_info=&#8221;{}&#8221; sticky_enabled=&#8221;0&#8243;][\/et_pb_image][\/et_pb_column][et_pb_column type=&#8221;2_5&#8243; _builder_version=&#8221;4.18.0&#8243; _module_preset=&#8221;default&#8221; background_color=&#8221;#FFFFFF&#8221; custom_padding=&#8221;110px|60px|110px|40px|true|false&#8221; custom_padding_tablet=&#8221;60px||60px||true|false&#8221; custom_padding_phone=&#8221;40px|20px|40px|20px|true|true&#8221; custom_padding_last_edited=&#8221;on|phone&#8221; box_shadow_style=&#8221;preset2&#8243; box_shadow_color=&#8221;rgba(0,0,0,0.1)&#8221; global_colors_info=&#8221;{}&#8221;][et_pb_blurb title=&#8221;6. Cosas que debes saber sobre la marcha por carretera  &#8221; use_icon=&#8221;on&#8221; font_icon=&#8221;&#xf554;||fa||900&#8243; icon_color=&#8221;#FF6B59&#8243; icon_placement=&#8221;left&#8221; content_max_width=&#8221;100%&#8221; image_tablet=&#8221;https:\/\/unique-universe.blog\/wp-content\/uploads\/2022\/06\/Compass-Logo.svg&#8221; image_phone=&#8221;&#8221; image_last_edited=&#8221;on|phone&#8221; icon_placement_tablet=&#8221;left&#8221; icon_placement_phone=&#8221;top&#8221; icon_placement_last_edited=&#8221;on|phone&#8221; _builder_version=&#8221;4.24.1&#8243; _module_preset=&#8221;default&#8221; header_level=&#8221;h3&#8243; header_font=&#8221;Merriweather||||||||&#8221; header_font_size=&#8221;28px&#8221; body_font=&#8221;Loto Regular||||||||&#8221; global_colors_info=&#8221;{}&#8221; image__hover_enabled=&#8221;off|desktop&#8221;]<\/p>\n<ol>\n<li><span style=\"font-weight: 400;\"> <strong> Recogida de disfraces:<\/strong> Prep\u00e1rate para una experiencia deliciosa o que te llevar\u00e1 mucho tiempo cuando recojas tu disfraz.<br \/>\nHe aqu\u00ed c\u00f3mo hacerlo m\u00e1s f\u00e1cil: <\/span><\/li>\n<\/ol>\n<p><span style=\"font-weight: 400;\">  &#8211; Asigna un d\u00eda para la recogida de disfraces.<\/span><\/p>\n<p><span style=\"font-weight: 400;\">  &#8211; Energ\u00edzate antes con comida y bebida para evitar el hambre.<\/span><\/p>\n<ol start=\"2\">\n<li><span style=\"font-weight: 400;\"> <strong> Las Marchas por Carretera son una experiencia con todo incluido:<\/strong> Deja atr\u00e1s las preocupaciones por las bebidas y los tentempi\u00e9s durante la Marcha por Carretera: \u00a1lo cubren los camiones acompa\u00f1antes!<\/span><\/li>\n<li><span style=\"font-weight: 400;\"> <strong> Espectador al margen:<\/strong> No est\u00e1s obligado a unirte a una banda concreta: disfruta de la Marcha de la Carretera desde la barrera si lo prefieres.<\/span><\/li>\n<li><span style=\"font-weight: 400;\"><strong>Temporada de Carnaval:<\/strong> Recuerda, \u00a1el Carnaval es m\u00e1s que un solo d\u00eda!  <\/span><\/li>\n<\/ol>\n<p>  Especialmente en Santa Luc\u00eda se celebran muchos actos tradicionales, como las Finales de Calypso, antes de la marcha por carretera.<br \/>\nAseg\u00farate de consultar todo tipo de eventos, desde fiestas hasta actos tradicionales y culturales, que hacen que el carnaval de Santa Luc\u00eda sea tan especial.   <\/p>\n<p class=\"p1\" style=\"text-align: center;\">[\/et_pb_blurb][\/et_pb_column][\/et_pb_row][et_pb_row column_structure=&#8221;2_5,3_5&#8243; use_custom_gutter=&#8221;on&#8221; gutter_width=&#8221;1&#8243; make_equal=&#8221;on&#8221; module_id=&#8221;7&#8243; module_class=&#8221;reverse&#8221; _builder_version=&#8221;4.24.0&#8243; _module_preset=&#8221;default&#8221; custom_css_main_element=&#8221;align-items: center;&#8221; global_colors_info=&#8221;{}&#8221;][et_pb_column type=&#8221;2_5&#8243; _builder_version=&#8221;4.18.0&#8243; _module_preset=&#8221;default&#8221; background_color=&#8221;#FFFFFF&#8221; custom_padding=&#8221;110px|60px|110px|40px|true|false&#8221; custom_padding_tablet=&#8221;60px||60px||true|false&#8221; custom_padding_phone=&#8221;40px|20px|40px|20px|true|true&#8221; custom_padding_last_edited=&#8221;on|phone&#8221; box_shadow_style=&#8221;preset2&#8243; box_shadow_horizontal=&#8221;-6px&#8221; box_shadow_color=&#8221;rgba(0,0,0,0.1)&#8221; global_colors_info=&#8221;{}&#8221;][et_pb_blurb title=&#8221;7. Canales de medios sociales a seguir&#8221; use_icon=&#8221;on&#8221; font_icon=&#8221;&#xf79f;||fa||900&#8243; icon_color=&#8221;#FF6B59&#8243; icon_placement=&#8221;left&#8221; content_max_width=&#8221;100%&#8221; image_tablet=&#8221;https:\/\/unique-universe.blog\/wp-content\/uploads\/2022\/06\/Compass-Logo.svg&#8221; image_phone=&#8221;&#8221; image_last_edited=&#8221;on|phone&#8221; icon_placement_tablet=&#8221;left&#8221; icon_placement_phone=&#8221;top&#8221; icon_placement_last_edited=&#8221;on|phone&#8221; _builder_version=&#8221;4.25.1&#8243; _module_preset=&#8221;default&#8221; header_level=&#8221;h3&#8243; header_font=&#8221;Merriweather||||||||&#8221; header_font_size=&#8221;28px&#8221; body_font=&#8221;Loto Regular||||||||&#8221; global_colors_info=&#8221;{}&#8221; image__hover_enabled=&#8221;off|desktop&#8221;]<\/p>\n<p class=\"p1\">Sigue los canales de Redes Sociales m\u00e1s importantes para estar al d\u00eda<\/p>\n<p class=\"p1\">Aqu\u00ed tienes una lista r\u00e1pida de los canales de las Redes Sociales que debes seguir para la temporada de carnaval en Santa Luc\u00eda 2024<\/p>\n<p class=\"p1\"><strong>Bandas<\/strong><\/p>\n<p class=\"p1\"><a href=\"https:\/\/www.instagram.com\/royalitesxtreme?igsh=dWdudmhxZjAxbGlj\" target=\"_blank\" rel=\"noopener\"><strong>royalitesxtreme<\/strong><\/a><\/p>\n<p class=\"p1\"><a href=\"https:\/\/www.instagram.com\/just4funcarnival\/?hl=en\" target=\"_blank\" rel=\"noopener\"><span style=\"font-weight: 400;\">just4funcarnival<\/span><\/a><\/p>\n<p class=\"p1\"><a href=\"https:\/\/www.instagram.com\/xuvocarnival\/?hl=en\" target=\"_blank\" rel=\"noopener\"><span style=\"font-weight: 400;\">xuvocarnaval<\/span><\/a><\/p>\n<p class=\"p1\"><a href=\"https:\/\/www.instagram.com\/fuzionmas\/?hl=en\" target=\"_blank\" rel=\"noopener\"><span style=\"font-weight: 400;\">fuzionmas<\/span><\/a><\/p>\n<p class=\"p1\"><a href=\"https:\/\/www.instagram.com\/redcarnivalband\/?hl=en\" target=\"_blank\" rel=\"noopener\"><span style=\"font-weight: 400;\">redcarnivalband<\/span><\/a><\/p>\n<p class=\"p1\"><a href=\"https:\/\/www.instagram.com\/legendscarnival\/?hl=en\" target=\"_blank\" rel=\"noopener\"><span style=\"font-weight: 400;\">leyendascarnaval<\/span><\/a><\/p>\n<p class=\"p1\"><strong>Otros<\/strong><\/p>\n<p class=\"p1\"><a href=\"https:\/\/www.instagram.com\/stlucianprincess?igsh=aWNlOGp0cnU4dmli&amp;fbclid=IwZXh0bgNhZW0CMTAAAR1ea5DSOZSI30kgc4KWjGClG8QPen-SIsK9W8wsu_gmQfzNM4D6s0iZOSE_aem_ATIhObZU0-DiP5CCCtDsxIT1bmGgNs6wk0iBfWf-xOolmXnfu3kXI5SAa9PzfImzNlNoWh7ptDnbCaTzaCcFdfgK\" target=\"_blank\" rel=\"noopener\"><span style=\"font-weight: 400;\"><span class=\"v1size\"><span>Princesa de Santa Luc\u00eda<\/span><\/span><\/span><\/a><\/p>\n<p class=\"p1\"><a href=\"https:\/\/www.instagram.com\/stluciaisparadise?igsh=MWswdjU3Mm9jN2lzOQ%3D%3D&amp;fbclid=IwZXh0bgNhZW0CMTAAAR0To3RD53ZjZKd_hwQuBfGayn5oIaGA6Q8lF0flHFmMe3Aot1BIKtUSjco_aem_ATL7GUSRlLWsbswAcnAr49hsEXB3TPifNK_JfulWtUY-T_UW39XjeRhL-HN9dQuc81-R4gLVoW2tP1PzWNqure-Z\" target=\"_blank\" rel=\"noopener\"><span style=\"font-weight: 400;\"><span class=\"v1size\"><span>Santa Luc\u00eda es el para\u00edso<\/span><\/span><\/span><\/a><\/p>\n<p class=\"p1\"><a href=\"Laura%20Beee\" target=\"_blank\" rel=\"noopener\"><span style=\"font-weight: 400;\"><span class=\"v1size\"><span>Laura Beee<\/span><\/span><\/span><\/a><\/p>\n<p class=\"p1\"><a href=\"https:\/\/www.instagram.com\/carnivalsabrina?igsh=aHF4bWNwNjNzeDN3&amp;fbclid=IwZXh0bgNhZW0CMTAAAR0njjXJtyLxFX--0Sz3ode8y-soIewvNVUFiI7BP1OZWI-8l5LTSFYzy3w_aem_ATK1uYoxUHr1iCMwQI5yoZJVxmU6rMlGb7-1mGTMcLZrFw1i_GS6vPMu7bqT5rAoJ5oTxEYwUz9E2a29s8b8WKMR\" target=\"_blank\" rel=\"noopener\"><span style=\"font-weight: 400;\"><span class=\"v1size\"><span>Carnaval Sabrina<\/span><\/span><\/span><\/a><\/p>\n<p class=\"p1\"><a href=\"Isla%20Gurl\" target=\"_blank\" rel=\"noopener\"><span class=\"v1size\">Chica isle\u00f1a<\/span><\/a><\/p>\n<p class=\"p1\"><a href=\"https:\/\/www.instagram.com\/carnivalsaintlucia\/?igsh=NDAyOWZ5bjNlNGtm&amp;fbclid=IwZXh0bgNhZW0CMTAAAR3RJupaf3ySHDzkpTX0Nm4htwNUKOiTDON2D_vepbKBtJ29Ehn2FadtQPY_aem_ATK4H7UZuh3GAs6tofObJD1ZvmWFpJ_9SW2qk0TbpaK5Xme2e56i3NxPSh7RRkpApslHOYY3NoMTcT95Ns2bgCFr\" target=\"_blank\" rel=\"noopener\"><span class=\"v1size\">Carnaval Santa Luc\u00eda<\/span><\/a><\/p>\n<p>[\/et_pb_blurb][\/et_pb_column][et_pb_column type=&#8221;3_5&#8243; _builder_version=&#8221;4.18.0&#8243; _module_preset=&#8221;default&#8221; background_color=&#8221;#FFFFFF&#8221; transform_scale=&#8221;112%|112%&#8221; global_colors_info=&#8221;{}&#8221;][et_pb_image src=&#8221;https:\/\/unique-universe.blog\/wp-content\/uploads\/2024\/06\/Opulence.jpg&#8221; alt=&#8221;disfraz de carnaval caribe\u00f1o para santa luc\u00eda&#8221; title_text=&#8221;Opulencia&#8221; _builder_version=&#8221;4.25.1&#8243; _module_preset=&#8221;default&#8221; width=&#8221;90%&#8221; module_alignment=&#8221;center&#8221; global_colors_info=&#8221;{}&#8221;][\/et_pb_image][\/et_pb_column][\/et_pb_row][et_pb_row column_structure=&#8221;3_5,2_5&#8243; use_custom_gutter=&#8221;on&#8221; gutter_width=&#8221;1&#8243; make_equal=&#8221;on&#8221; module_id=&#8221;8&#8243; _builder_version=&#8221;4.24.0&#8243; _module_preset=&#8221;default&#8221; module_alignment=&#8221;center&#8221; custom_css_main_element=&#8221;align-items: center;&#8221; global_colors_info=&#8221;{}&#8221;][et_pb_column type=&#8221;3_5&#8243; _builder_version=&#8221;4.17.4&#8243; _module_preset=&#8221;default&#8221; global_colors_info=&#8221;{}&#8221;][et_pb_image src=&#8221;https:\/\/unique-universe.blog\/wp-content\/uploads\/2023\/07\/Caribbean-Carnival2.jpeg&#8221; alt=&#8221;Hombre tocando steel pan&#8221; title_text=&#8221;Carnaval del Caribe2&#8243; force_fullwidth=&#8221;on&#8221; _builder_version=&#8221;4.23.2&#8243; _module_preset=&#8221;default&#8221; min_height=&#8221;90px&#8221; global_colors_info=&#8221;{}&#8221;][\/et_pb_image][\/et_pb_column][et_pb_column type=&#8221;2_5&#8243; _builder_version=&#8221;4.18.0&#8243; _module_preset=&#8221;default&#8221; background_color=&#8221;#FFFFFF&#8221; custom_padding=&#8221;110px|60px|110px|40px|true|false&#8221; custom_padding_tablet=&#8221;60px||60px||true|false&#8221; custom_padding_phone=&#8221;40px|20px|40px|20px|true|true&#8221; custom_padding_last_edited=&#8221;on|phone&#8221; box_shadow_style=&#8221;preset2&#8243; box_shadow_color=&#8221;rgba(0,0,0,0.1)&#8221; global_colors_info=&#8221;{}&#8221;][et_pb_blurb title=&#8221;8. La vibrante historia del Carnaval de Santa Luc\u00eda&#8221; use_icon=&#8221;on&#8221; font_icon=&#8221;&#xf554;||fa||900&#8243; icon_color=&#8221;#FF6B59&#8243; icon_placement=&#8221;left&#8221; content_max_width=&#8221;100%&#8221; image_tablet=&#8221;https:\/\/unique-universe.blog\/wp-content\/uploads\/2022\/06\/Compass-Logo.svg&#8221; image_phone=&#8221;&#8221; image_last_edited=&#8221;on|phone&#8221; icon_placement_tablet=&#8221;left&#8221; icon_placement_phone=&#8221;top&#8221; icon_placement_last_edited=&#8221;on|phone&#8221; _builder_version=&#8221;4.25.1&#8243; _module_preset=&#8221;default&#8221; header_level=&#8221;h3&#8243; header_font=&#8221;Merriweather||||||||&#8221; header_font_size=&#8221;28px&#8221; body_font=&#8221;Loto Regular||||||||&#8221; global_colors_info=&#8221;{}&#8221; image__hover_enabled=&#8221;off|desktop&#8221;]<\/p>\n<p><span style=\"font-weight: 400;\">El carnaval de Santa Luc\u00eda empez\u00f3 en 1947, justo despu\u00e9s de la Segunda Guerra Mundial.<br \/>\nEmpez\u00f3 con un peque\u00f1o pero animado desfile de gente vestida con harapos, creando m\u00fasica con botellas y piezas de acero, que terminaba en casa de Derek y Roddy Walcott, en Chaussee Road. <\/span><\/p>\n<p><span style=\"font-weight: 400;\">En 1948, inspirados por el Mardi Gras, los lugare\u00f1os se vest\u00edan con disfraces improvisados y desfilaban por las calles.<br \/>\nEl acontecimiento se hizo tan popular que el Martes de Carnaval se convirti\u00f3 en d\u00eda festivo.<br \/>\nLas bandas de acero, la m\u00fasica calipso y los coloridos disfraces se convirtieron en partes esenciales de la celebraci\u00f3n, a pesar de algunas controversias sobre las letras de las canciones.  <\/span><\/p>\n<p><span style=\"font-weight: 400;\">En 1950, el carnaval introdujo el concurso del Rey y la Reina, cuyos ganadores desfilaban en el Parque Victoria.<br \/>\nDesde 1952, s\u00f3lo se ha coronado a una Reina del Carnaval, siempre una ciudadana de Santa Luc\u00eda soltera. <\/span><\/p>\n<p><span style=\"font-weight: 400;\">La m\u00fasica calipso, influida por diversas culturas, evolucion\u00f3 para reflejar cuestiones sociales e historias personales.<br \/>\nLas bandas de acero, introducidas en 1948, se convirtieron en un s\u00edmbolo cultural.<br \/>\nCon los a\u00f1os, el Carnaval de Santa Luc\u00eda se ha convertido en una atracci\u00f3n mundial, sobre todo despu\u00e9s de cambiar sus fechas para diferenciarse del carnaval de Trinidad y Tobago, solidificando su lugar en la cultura antillana.  <\/span><\/p>\n<p>[\/et_pb_blurb][\/et_pb_column][\/et_pb_row][et_pb_row column_structure=&#8221;2_5,3_5&#8243; use_custom_gutter=&#8221;on&#8221; gutter_width=&#8221;1&#8243; make_equal=&#8221;on&#8221; module_id=&#8221;9&#8243; module_class=&#8221;reverse&#8221; _builder_version=&#8221;4.24.0&#8243; _module_preset=&#8221;default&#8221; custom_css_main_element=&#8221;align-items: center;&#8221; global_colors_info=&#8221;{}&#8221;][et_pb_column type=&#8221;2_5&#8243; _builder_version=&#8221;4.18.0&#8243; _module_preset=&#8221;default&#8221; background_color=&#8221;#FFFFFF&#8221; custom_padding=&#8221;110px|60px|110px|40px|true|false&#8221; custom_padding_tablet=&#8221;60px||60px||true|false&#8221; custom_padding_phone=&#8221;40px|20px|40px|20px|true|true&#8221; custom_padding_last_edited=&#8221;on|phone&#8221; box_shadow_style=&#8221;preset2&#8243; box_shadow_horizontal=&#8221;-6px&#8221; box_shadow_color=&#8221;rgba(0,0,0,0.1)&#8221; global_colors_info=&#8221;{}&#8221;][et_pb_blurb title=&#8221;9. Aprende la jerga del carnaval&#8221; use_icon=&#8221;on&#8221; font_icon=&#8221;&#xf79f;||fa||900&#8243; icon_color=&#8221;#FF6B59&#8243; icon_placement=&#8221;left&#8221; content_max_width=&#8221;100%&#8221; image_tablet=&#8221;https:\/\/unique-universe.blog\/wp-content\/uploads\/2022\/06\/Compass-Logo.svg&#8221; image_phone=&#8221;&#8221; image_last_edited=&#8221;on|phone&#8221; icon_placement_tablet=&#8221;left&#8221; icon_placement_phone=&#8221;top&#8221; icon_placement_last_edited=&#8221;on|phone&#8221; _builder_version=&#8221;4.24.0&#8243; _module_preset=&#8221;default&#8221; header_level=&#8221;h3&#8243; header_font=&#8221;Merriweather||||||||&#8221; header_font_size=&#8221;28px&#8221; body_font=&#8221;Loto Regular||||||||&#8221; global_colors_info=&#8221;{}&#8221; image__hover_enabled=&#8221;off|desktop&#8221;]<\/p>\n<ul class=\"ul1\">\n<li class=\"li1\"> <b> Mas<\/b>: Abreviatura de mascarada, se refiere al arte de llevar disfraces y participar en el desfile de Carnaval.<\/li>\n<li class=\"li1\"> <b> Fiesta<\/b>: Una animada fiesta o acto social en el que suele haber m\u00fasica, baile y comida, que es un aspecto destacado de las celebraciones previas al Carnaval.<\/li>\n<li class=\"li1\"> <b> J&#8217;ouvert<\/b>: La apertura del Carnaval antes del amanecer, caracterizada por juerguistas cubiertos de pintura, barro o aceite que salen a las calles para animadas celebraciones.<\/li>\n<li class=\"li1\"> <b> Soca<\/b>: G\u00e9nero popular de m\u00fasica caribe\u00f1a, conocido por su tempo alegre y sus ritmos contagiosos, a menudo asociado a las celebraciones de Carnaval.<\/li>\n<li class=\"li1\"> <b> Calipso<\/b>: Un estilo de m\u00fasica tradicional caribe\u00f1a que suele incluir letras ingeniosas y humor\u00edsticas, y que se toca mucho durante el Carnaval.<\/li>\n<li class=\"li1\"> <b> Banda Mas<\/b>: Grupo de participantes que llevan disfraces coordinados y act\u00faan juntos durante el desfile de Carnaval.<\/li>\n<li class=\"li1\"> <b> Dise\u00f1ador de disfraces<\/b>: Persona o equipo responsable de crear los elaborados y coloridos trajes que llevan los participantes en el Carnaval.<\/li>\n<li class=\"li1\"> <b> Marcha por carretera<\/b>: El desfile principal durante el Carnaval, donde las bandas de mas y los juerguistas salen a la calle para mostrar sus disfraces y bailar al ritmo de la m\u00fasica soca.<\/li>\n<li class=\"li1\"> <b> Bacanal<\/b>: T\u00e9rmino utilizado para describir las salvajes y estridentes fiestas y juergas asociadas al Carnaval en Jamaica. Tambi\u00e9n es el nombre de una banda de carnaval.<\/li>\n<\/ul>\n<p class=\"p1\">[\/et_pb_blurb][et_pb_button button_url=&#8221;@ET-DC@eyJkeW5hbWljIjp0cnVlLCJjb250ZW50IjoicG9zdF9saW5rX3VybF9wb3N0Iiwic2V0dGluZ3MiOnsicG9zdF9pZCI6IjQyNTMxIn19@&#8221; button_text=&#8221;Diccionario de Carnaval &#8221; button_alignment=&#8221;center&#8221; _builder_version=&#8221;4.24.0&#8243; _dynamic_attributes=&#8221;button_url&#8221; _module_preset=&#8221;default&#8221; global_colors_info=&#8221;{}&#8221;][\/et_pb_button][\/et_pb_column][et_pb_column type=&#8221;3_5&#8243; _builder_version=&#8221;4.18.0&#8243; _module_preset=&#8221;default&#8221; background_color=&#8221;#FFFFFF&#8221; transform_scale=&#8221;112%|112%&#8221; global_colors_info=&#8221;{}&#8221;][et_pb_image src=&#8221;https:\/\/unique-universe.blog\/wp-content\/uploads\/2024\/09\/St.-Lucia-carnival1.jpeg&#8221; alt=&#8221;Desfile de bandas de Santa Luc\u00eda&#8221; title_text=&#8221;Carnaval de Santa Luc\u00eda1&#8243; _builder_version=&#8221;4.27.0&#8243; _module_preset=&#8221;default&#8221; width=&#8221;90%&#8221; module_alignment=&#8221;center&#8221; hover_enabled=&#8221;0&#8243; global_colors_info=&#8221;{}&#8221; sticky_enabled=&#8221;0&#8243;][\/et_pb_image][\/et_pb_column][\/et_pb_row][et_pb_row column_structure=&#8221;3_5,2_5&#8243; use_custom_gutter=&#8221;on&#8221; gutter_width=&#8221;1&#8243; make_equal=&#8221;on&#8221; module_id=&#8221;10&#8243; _builder_version=&#8221;4.24.0&#8243; _module_preset=&#8221;default&#8221; module_alignment=&#8221;center&#8221; custom_css_main_element=&#8221;align-items: center;&#8221; global_colors_info=&#8221;{}&#8221;][et_pb_column type=&#8221;3_5&#8243; _builder_version=&#8221;4.17.4&#8243; _module_preset=&#8221;default&#8221; global_colors_info=&#8221;{}&#8221;][et_pb_image src=&#8221;https:\/\/unique-universe.blog\/wp-content\/uploads\/2024\/09\/St.-Lucia-carnival3.jpg&#8221; alt=&#8221;yo en el carnaval de Jamaica en Kingston con un disfraz de Xodus&#8221; title_text=&#8221;Carnaval de Santa Luc\u00eda3&#8243; force_fullwidth=&#8221;on&#8221; _builder_version=&#8221;4.27.0&#8243; _module_preset=&#8221;default&#8221; min_height=&#8221;90px&#8221; hover_enabled=&#8221;0&#8243; global_colors_info=&#8221;{}&#8221; sticky_enabled=&#8221;0&#8243;][\/et_pb_image][\/et_pb_column][et_pb_column type=&#8221;2_5&#8243; _builder_version=&#8221;4.18.0&#8243; _module_preset=&#8221;default&#8221; background_color=&#8221;#FFFFFF&#8221; custom_padding=&#8221;110px|60px|110px|40px|true|false&#8221; custom_padding_tablet=&#8221;60px||60px||true|false&#8221; custom_padding_phone=&#8221;40px|20px|40px|20px|true|true&#8221; custom_padding_last_edited=&#8221;on|phone&#8221; box_shadow_style=&#8221;preset2&#8243; box_shadow_color=&#8221;rgba(0,0,0,0.1)&#8221; global_colors_info=&#8221;{}&#8221;][et_pb_blurb title=&#8221;10. Qu\u00e9 meter en la maleta para un carnaval en Santa Luc\u00eda&#8221; use_icon=&#8221;on&#8221; font_icon=&#8221;&#xf290;||fa||900&#8243; icon_color=&#8221;#FF6B59&#8243; icon_placement=&#8221;left&#8221; content_max_width=&#8221;100%&#8221; image_tablet=&#8221;https:\/\/unique-universe.blog\/wp-content\/uploads\/2022\/06\/Compass-Logo.svg&#8221; image_phone=&#8221;&#8221; image_last_edited=&#8221;on|phone&#8221; icon_placement_tablet=&#8221;left&#8221; icon_placement_phone=&#8221;top&#8221; icon_placement_last_edited=&#8221;on|phone&#8221; _builder_version=&#8221;4.24.1&#8243; _module_preset=&#8221;default&#8221; header_level=&#8221;h3&#8243; header_font=&#8221;Merriweather||||||||&#8221; header_font_size=&#8221;28px&#8221; body_font=&#8221;Loto Regular||||||||&#8221; global_colors_info=&#8221;{}&#8221; image__hover_enabled=&#8221;off|desktop&#8221;]Al embarcarte en tu aventura de Carnaval, te espera una deliciosa sorpresa en tu bolsa de disfraces.<br \/>\nRepleta de peque\u00f1os objetos esenciales, garantiza tu comodidad durante el emocionante d\u00eda que te espera.<br \/>\nDesde desodorante a chicles, pasando por tentempi\u00e9s y un pr\u00e1ctico neceser, encontrar\u00e1s todo lo que necesitas para vivir una experiencia inolvidable.   Sin embargo, para elevar verdaderamente tu viaje de Carnaval, no pases por alto estos art\u00edculos imprescindibles:  <\/p>\n<ol>\n<li><strong>Calzado Resistente y C\u00f3modo<\/strong>: Espera bailes interminables, paseos y juergas despreocupadas.<br \/>\nAseg\u00farate de que tu calzado est\u00e1 a la altura para que la experiencia sea perfecta. <\/li>\n<li><strong>Protector solar resistente al sudor:<\/strong> Prot\u00e9gete del implacable sol de Kingston con un frasco compacto, tama\u00f1o viaje, de protector solar resistente al sudor.<br \/>\nProtege tu piel mientras disfrutas de las fiestas. <\/li>\n<li><strong>Peluquer\u00eda y maquillaje:<\/strong> Reg\u00e1late servicios profesionales de peluquer\u00eda y maquillaje para conseguir un look experto de Carnaval.<br \/>\nAdopta el esp\u00edritu del evento y d\u00e9jate mimar para mejorar tu experiencia. <\/li>\n<li><strong>Pezoneras:<\/strong> Opta por unas pezoneras c\u00f3modas y fiables para asegurarte un d\u00eda de fiesta sin preocupaciones.<\/li>\n<li><strong>Polvos corporales o purpurina:<\/strong> A\u00f1ade un toque extra de brillo y estilo a tu conjunto de Carnaval con polvos corporales o purpurina.<br \/>\nBrilla y destaca en las vibrantes fiestas. <\/li>\n<\/ol>\n<p class=\"p1\">[\/et_pb_blurb][\/et_pb_column][\/et_pb_row][et_pb_row column_structure=&#8221;2_5,3_5&#8243; use_custom_gutter=&#8221;on&#8221; gutter_width=&#8221;1&#8243; make_equal=&#8221;on&#8221; module_id=&#8221;11&#8243; module_class=&#8221;reverse&#8221; _builder_version=&#8221;4.24.0&#8243; _module_preset=&#8221;default&#8221; custom_css_main_element=&#8221;align-items: center;&#8221; global_colors_info=&#8221;{}&#8221;][et_pb_column type=&#8221;2_5&#8243; _builder_version=&#8221;4.18.0&#8243; _module_preset=&#8221;default&#8221; background_color=&#8221;#FFFFFF&#8221; custom_padding=&#8221;110px|60px|110px|40px|true|false&#8221; custom_padding_tablet=&#8221;60px||60px||true|false&#8221; custom_padding_phone=&#8221;40px|20px|40px|20px|true|true&#8221; custom_padding_last_edited=&#8221;on|phone&#8221; box_shadow_style=&#8221;preset2&#8243; box_shadow_horizontal=&#8221;-6px&#8221; box_shadow_color=&#8221;rgba(0,0,0,0.1)&#8221; global_colors_info=&#8221;{}&#8221;][et_pb_blurb title=&#8221;11. Prep\u00e1rate para la carretera&#8221; use_icon=&#8221;on&#8221; font_icon=&#8221;&#xf79f;||fa||900&#8243; icon_color=&#8221;#FF6B59&#8243; icon_placement=&#8221;left&#8221; content_max_width=&#8221;100%&#8221; image_tablet=&#8221;https:\/\/unique-universe.blog\/wp-content\/uploads\/2022\/06\/Compass-Logo.svg&#8221; image_phone=&#8221;&#8221; image_last_edited=&#8221;on|phone&#8221; icon_placement_tablet=&#8221;left&#8221; icon_placement_phone=&#8221;top&#8221; icon_placement_last_edited=&#8221;on|phone&#8221; _builder_version=&#8221;4.24.1&#8243; _module_preset=&#8221;default&#8221; header_level=&#8221;h3&#8243; header_font=&#8221;Merriweather||||||||&#8221; header_font_size=&#8221;28px&#8221; body_font=&#8221;Loto Regular||||||||&#8221; global_colors_info=&#8221;{}&#8221; image__hover_enabled=&#8221;off|desktop&#8221;]Espero que hayas podido recuperarte de las Pre-Fiestas del s\u00e1bado por la noche y que ahora est\u00e9s preparado para el camino que te espera.<br \/>\nLas marchas por carretera suelen empezar temprano por la ma\u00f1ana, as\u00ed que espera algo de tr\u00e1fico mientras te diriges hacia all\u00ed.<br \/>\nLa ma\u00f1ana de la marcha, re\u00fanete con tus amigos, disfrutad juntos de un delicioso desayuno y comienza el emocionante proceso de prepararte para el carnaval.<br \/>\nEl maquillaje y el estilismo de carnaval pueden ser complicados, as\u00ed que si no te sientes segura haci\u00e9ndolo t\u00fa misma, considera la posibilidad de reservar una cita en un Glam Hub con bastante antelaci\u00f3n.<br \/>\nDe este modo, te asegurar\u00e1s de que te ves y te sientes lo mejor posible para las fiestas que se avecinan.      <\/p>\n<p class=\"p1\">[\/et_pb_blurb][\/et_pb_column][et_pb_column type=&#8221;3_5&#8243; _builder_version=&#8221;4.18.0&#8243; _module_preset=&#8221;default&#8221; background_color=&#8221;#FFFFFF&#8221; transform_scale=&#8221;112%|112%&#8221; global_colors_info=&#8221;{}&#8221;][et_pb_image src=&#8221;https:\/\/unique-universe.blog\/wp-content\/uploads\/2024\/09\/St.-Lucia-carnival5.jpeg&#8221; alt=&#8221;yo prepar\u00e1ndome para el carnaval de jamaica&#8221; title_text=&#8221;Carnaval de Santa Luc\u00eda5&#8243; _builder_version=&#8221;4.27.0&#8243; _module_preset=&#8221;default&#8221; width=&#8221;90%&#8221; module_alignment=&#8221;center&#8221; hover_enabled=&#8221;0&#8243; global_colors_info=&#8221;{}&#8221; sticky_enabled=&#8221;0&#8243;][\/et_pb_image][\/et_pb_column][\/et_pb_row][\/et_pb_section][et_pb_section fb_built=&#8221;1&#8243; disabled_on=&#8221;off|off|off&#8221; _builder_version=&#8221;4.18.0&#8243; border_color_all=&#8221;#FF6B59&#8243; border_style_all=&#8221;dotted&#8221; border_width_top=&#8221;14px&#8221; global_colors_info=&#8221;{}&#8221;][et_pb_row column_structure=&#8221;1_2,1_2&#8243; module_id=&#8221;good_knowing&#8221; _builder_version=&#8221;4.18.0&#8243; global_colors_info=&#8221;{}&#8221;][et_pb_column type=&#8221;1_2&#8243; _builder_version=&#8221;4.16&#8243; custom_padding=&#8221;|||&#8221; global_colors_info=&#8221;{}&#8221; custom_padding__hover=&#8221;|||&#8221;][et_pb_text _builder_version=&#8221;4.24.2&#8243; _module_preset=&#8221;default&#8221; header_2_font=&#8221;|||||||#FF6B59|&#8221; global_colors_info=&#8221;{}&#8221;]<\/p>\n<h2>Consejos pr\u00e1cticos para viajar a Santa Luc\u00eda<\/h2>\n<p class=\"p1\">[\/et_pb_text][dsm_faq dsm_make_accordion_toggle=&#8221;on&#8221; dsm_open_faq_item=&#8221;on&#8221; dsm_enable_schema_markup=&#8221;on&#8221; dsm_close_bg_color=&#8221;#FFFFFF&#8221; dsm_open_font_icon=&#8221;&#x4e;||divi||400&#8243; dsm_close_font_icon=&#8221;&#x50;||divi||400&#8243; dsm_close_icon_color=&#8221;#637F50&#8243; dsm_icon_placement=&#8221;right&#8221; _builder_version=&#8221;4.24.2&#8243; _module_preset=&#8221;default&#8221; border_width_all_dsm_toggle_closed_border=&#8221;2px&#8221; border_color_all_dsm_toggle_closed_border=&#8221;#FF6B59&#8243; border_style_all_dsm_toggle_closed_border=&#8221;dotted&#8221; global_colors_info=&#8221;{}&#8221;][dsm_faq_child dsm_title=&#8221;\u00bfQu\u00e9 lengua se habla en Santa Luc\u00eda?&#8221; dsm_content=&#8221;<\/p>\n<p>La lengua oficial de Santa Luc\u00eda es el ingl\u00e9s.<br \/>\nSin embargo, tambi\u00e9n se habla un criollo de base francesa llamado franc\u00e9s criollo de Santa Luc\u00eda, o simplemente %22criollo%22 por los lugare\u00f1os. <\/p>\n<p>&#8221; dsm_child_open_font_icon=&#8221;&#xe050;||divi||400&#8243; dsm_open_bg_color=&#8221;#FFFFFF&#8221; dsm_close_bg_color=&#8221;#F4F6F0&#8243; dsm_open_icon_bg_color=&#8221;#F4F6F0&#8243; dsm_open_icon_color=&#8221;#FF6B59&#8243; dsm_close_icon_color=&#8221;#FF6B59&#8243; dsm_content_padding=&#8221;10px|5px|10px|5px|true|true&#8221; _builder_version=&#8221;4.24.2&#8243; _module_preset=&#8221;default&#8221; header_item_level=&#8221;h3&#8243; border_width_all_dsm_toggle_open_border=&#8221;1px&#8221; border_color_all_dsm_toggle_open_border=&#8221;#FF6B59&#8243; border_color_bottom_dsm_toggle_closed_border=&#8221;#FF6B59&#8243; box_shadow_style_toggle_open_state_shadow=&#8221;preset1&#8243; global_colors_info=&#8221;{}&#8221; parentOrderClass=&#8221;dsm_faq_0&#8243;][\/dsm_faq_child][dsm_faq_child dsm_title=&#8221;\u00bfCu\u00e1l es la moneda en Santa Luc\u00eda?&#8221; dsm_content=&#8221;<\/p>\n<p>La moneda oficial de Santa Luc\u00eda es el d\u00f3lar del Caribe Oriental (XCD), que se abrevia como EC$.<\/p>\n<p>&#8221; dsm_child_open_font_icon=&#8221;&#xe050;||divi||400&#8243; dsm_open_bg_color=&#8221;#FFFFFF&#8221; dsm_close_bg_color=&#8221;#F4F6F0&#8243; dsm_open_icon_bg_color=&#8221;#F4F6F0&#8243; dsm_open_icon_color=&#8221;#FF6B59&#8243; dsm_close_icon_color=&#8221;#FF6B59&#8243; dsm_content_padding=&#8221;10px|5px|10px|5px|true|true&#8221; _builder_version=&#8221;4.24.2&#8243; _module_preset=&#8221;default&#8221; header_item_level=&#8221;h3&#8243; border_width_all_dsm_toggle_open_border=&#8221;1px&#8221; border_color_all_dsm_toggle_open_border=&#8221;#FF6B59&#8243; border_color_bottom_dsm_toggle_closed_border=&#8221;#FF6B59&#8243; box_shadow_style_toggle_open_state_shadow=&#8221;preset1&#8243; global_colors_info=&#8221;{}&#8221; parentOrderClass=&#8221;dsm_faq_0&#8243;][\/dsm_faq_child][dsm_faq_child dsm_title=&#8221;\u00bfCu\u00e1l es la mejor \u00e9poca para visitar Santa Luc\u00eda?&#8221; dsm_content=&#8221;<\/p>\n<p>La mejor \u00e9poca para visitar Santa Luc\u00eda suele ser durante la estaci\u00f3n seca, que va de diciembre a abril.<br \/>\nEste periodo ofrece un tiempo soleado con menores probabilidades de precipitaciones, por lo que es ideal para realizar actividades al aire libre como senderismo, salidas a la playa y explorar las atracciones de la isla.<br \/>\nAdem\u00e1s, la temporada tur\u00edstica alta coincide con esta \u00e9poca, por lo que puedes esperar animados acontecimientos y festivales.<br \/>\nSin embargo, ten en cuenta que los precios pueden ser m\u00e1s altos y los alojamientos pueden estar m\u00e1s abarrotados durante este periodo.<br \/>\nSi prefieres evitar las multitudes y est\u00e1s dispuesto a tolerar algo de lluvia, las temporadas de mayo a junio y de noviembre tambi\u00e9n pueden ser buenas \u00e9pocas para visitar la isla, ya que ofrecen menos turistas y precios ligeramente m\u00e1s bajos, al tiempo que se disfruta de un tiempo relativamente bueno.    <\/p>\n<p>&#8221; dsm_child_open_font_icon=&#8221;&#xe050;||divi||400&#8243; dsm_open_bg_color=&#8221;#FFFFFF&#8221; dsm_close_bg_color=&#8221;#F4F6F0&#8243; dsm_open_icon_bg_color=&#8221;#F4F6F0&#8243; dsm_open_icon_color=&#8221;#FF6B59&#8243; dsm_close_icon_color=&#8221;#FF6B59&#8243; dsm_content_padding=&#8221;10px|5px|10px|5px|true|true&#8221; _builder_version=&#8221;4.24.2&#8243; _module_preset=&#8221;default&#8221; header_item_level=&#8221;h3&#8243; border_width_all_dsm_toggle_open_border=&#8221;1px&#8221; border_color_all_dsm_toggle_open_border=&#8221;#FF6B59&#8243; border_color_bottom_dsm_toggle_closed_border=&#8221;#FF6B59&#8243; box_shadow_style_toggle_open_state_shadow=&#8221;preset1&#8243; global_colors_info=&#8221;{}&#8221; parentOrderClass=&#8221;dsm_faq_0&#8243;][\/dsm_faq_child][dsm_faq_child dsm_title=&#8221;\u00bfEs Santa Luc\u00eda segura para los viajeros?&#8221; dsm_content=&#8221;<\/p>\n<p>En general, se considera que Santa Luc\u00eda es segura para los viajeros, pero, como en cualquier destino, es importante actuar con cautela y tomar precauciones de sentido com\u00fan para garantizar un viaje seguro y agradable.<\/p>\n<p>&#8221; dsm_child_open_font_icon=&#8221;&#xe050;||divi||400&#8243; dsm_open_bg_color=&#8221;#FFFFFF&#8221; dsm_close_bg_color=&#8221;#F4F6F0&#8243; dsm_open_icon_bg_color=&#8221;#F4F6F0&#8243; dsm_open_icon_color=&#8221;#FF6B59&#8243; dsm_close_icon_color=&#8221;#FF6B59&#8243; dsm_content_padding=&#8221;10px|5px|10px|5px|true|true&#8221; _builder_version=&#8221;4.24.2&#8243; _module_preset=&#8221;default&#8221; header_item_level=&#8221;h3&#8243; border_width_all_dsm_toggle_open_border=&#8221;1px&#8221; border_color_all_dsm_toggle_open_border=&#8221;#FF6B59&#8243; border_color_bottom_dsm_toggle_closed_border=&#8221;#FF6B59&#8243; box_shadow_style_toggle_open_state_shadow=&#8221;preset1&#8243; global_colors_info=&#8221;{}&#8221; parentOrderClass=&#8221;dsm_faq_0&#8243;][\/dsm_faq_child][dsm_faq_child dsm_title=&#8221;Transporte p\u00fablico en Santa Luc\u00eda&#8221; dsm_content=&#8221;<\/p>\n<p>El transporte p\u00fablico en Santa Luc\u00eda consiste principalmente en autobuses y minibuses, a los que los lugare\u00f1os suelen llamar %22furgonetas%22.<br \/>\nEstas furgonetas operan en rutas fijas por toda la isla y son una opci\u00f3n popular y asequible tanto para los lugare\u00f1os como para los turistas. <\/p>\n<p>El sistema de autobuses es relativamente informal, con furgonetas que paran para recoger y dejar pasajeros a lo largo de sus rutas.<br \/>\nLas tarifas suelen ser baratas y se pagan directamente al conductor al subir.<br \/>\nEs importante tener en cuenta que los autobuses pueden no respetar horarios estrictos, as\u00ed que prep\u00e1rate para cierta flexibilidad en los tiempos de viaje.  <\/p>\n<p>Adem\u00e1s de los autobuses, tambi\u00e9n se pueden alquilar taxis, que son una opci\u00f3n c\u00f3moda para los viajeros que prefieren un medio de transporte m\u00e1s personalizado y directo.<br \/>\nLos taxis se encuentran en paradas de taxi designadas, hoteles y zonas tur\u00edsticas, y las tarifas suelen negociarse con el conductor antes de iniciar el viaje. <\/p>\n<p>&#8221; dsm_child_open_font_icon=&#8221;&#xe050;||divi||400&#8243; dsm_open_bg_color=&#8221;#FFFFFF&#8221; dsm_close_bg_color=&#8221;#F4F6F0&#8243; dsm_open_icon_bg_color=&#8221;#F4F6F0&#8243; dsm_open_icon_color=&#8221;#FF6B59&#8243; dsm_close_icon_color=&#8221;#FF6B59&#8243; dsm_content_padding=&#8221;10px|5px|10px|5px|true|true&#8221; _builder_version=&#8221;4.24.2&#8243; _module_preset=&#8221;default&#8221; header_item_level=&#8221;h3&#8243; border_width_all_dsm_toggle_open_border=&#8221;1px&#8221; border_color_all_dsm_toggle_open_border=&#8221;#FF6B59&#8243; border_color_bottom_dsm_toggle_closed_border=&#8221;#FF6B59&#8243; box_shadow_style_toggle_open_state_shadow=&#8221;preset1&#8243; global_colors_info=&#8221;{}&#8221; parentOrderClass=&#8221;dsm_faq_0&#8243;][\/dsm_faq_child][dsm_faq_child dsm_title=&#8221;\u00bfPuedo beber agua del grifo en Santa Luc\u00eda?&#8221; dsm_content=&#8221;<\/p>\n<p>\u00a1S\u00ed que puedes!<br \/>\nSi tienes el est\u00f3mago sensible, utiliza tu botella de agua autolimpiable. <\/p>\n<p>&#8221; dsm_child_open_font_icon=&#8221;&#xe050;||divi||400&#8243; dsm_open_bg_color=&#8221;#FFFFFF&#8221; dsm_close_bg_color=&#8221;#F4F6F0&#8243; dsm_open_icon_bg_color=&#8221;#F4F6F0&#8243; dsm_open_icon_color=&#8221;#FF6B59&#8243; dsm_close_icon_color=&#8221;#FF6B59&#8243; dsm_content_padding=&#8221;10px|5px|10px|5px|true|true&#8221; _builder_version=&#8221;4.24.2&#8243; _module_preset=&#8221;default&#8221; header_item_level=&#8221;h3&#8243; border_width_all_dsm_toggle_open_border=&#8221;1px&#8221; border_color_all_dsm_toggle_open_border=&#8221;#FF6B59&#8243; border_color_bottom_dsm_toggle_closed_border=&#8221;#FF6B59&#8243; box_shadow_style_toggle_open_state_shadow=&#8221;preset1&#8243; global_colors_info=&#8221;{}&#8221; parentOrderClass=&#8221;dsm_faq_0&#8243;][\/dsm_faq_child][\/dsm_faq][\/et_pb_column][et_pb_column type=&#8221;1_2&#8243; _builder_version=&#8221;4.16&#8243; custom_padding=&#8221;|||&#8221; global_colors_info=&#8221;{}&#8221; custom_padding__hover=&#8221;|||&#8221;][et_pb_image src=&#8221;https:\/\/unique-universe.blog\/wp-content\/uploads\/2017\/12\/tanzania-travel-Zanzibar-beaches-5.stop-95-e1695288388628.jpg&#8221; alt=&#8221;tanzania viajes Zanz\u00edbar playas&#8221; title_text=&#8221;tanzania-viaje-Zanz\u00edbar-playas-5.stop-95&#8243; force_fullwidth=&#8221;on&#8221; align_tablet=&#8221;center&#8221; align_phone=&#8221;center&#8221; align_last_edited=&#8221;on|desktop&#8221; _builder_version=&#8221;4.20.0&#8243; animation_style=&#8221;zoom&#8221; animation_delay=&#8221;100ms&#8221; animation_intensity_zoom=&#8221;6%&#8221; box_shadow_style=&#8221;preset1&#8243; box_shadow_vertical=&#8221;52px&#8221; box_shadow_blur=&#8221;80px&#8221; box_shadow_color=&#8221;rgba(0,36,73,0.07)&#8221; locked=&#8221;off&#8221; global_colors_info=&#8221;{}&#8221;][\/et_pb_image][et_pb_text _builder_version=&#8221;4.24.2&#8243; text_font=&#8221;Loto Regular||||||||&#8221; link_font=&#8221;||||||||&#8221; ul_font=&#8221;||||||||&#8221; ol_font=&#8221;||||||||&#8221; quote_font=&#8221;||||||||&#8221; header_font=&#8221;Merriweather||||||||&#8221; header_text_align=&#8221;center&#8221; header_2_font=&#8221;Merriweather|700|||||||&#8221; header_2_line_height=&#8221;1.5em&#8221; header_3_font=&#8221;||||||||&#8221; max_width=&#8221;800px&#8221; module_alignment=&#8221;center&#8221; header_2_font_size_phone=&#8221;34px&#8221; locked=&#8221;off&#8221; global_colors_info=&#8221;{}&#8221;]<\/p>\n<h2>Lista de equipaje Santa Luc\u00eda<\/h2>\n<p>Como ves, hay muchas cosas que experimentar en Santa Luc\u00eda.<br \/>\nPara venir totalmente preparado, echa un vistazo a mi lista de equipaje para Santa Luc\u00eda, que incluye de todo, desde art\u00edculos de aseo ecol\u00f3gicos hasta moda sostenible, \u00a1e incluso los artilugios de viaje m\u00e1s chulos! <\/p>\n<p class=\"p1\">[\/et_pb_text][et_pb_button button_text=&#8221;Lista de embalaje&#8221; button_alignment=&#8221;left&#8221; _builder_version=&#8221;4.18.0&#8243; custom_button=&#8221;on&#8221; button_text_size=&#8221;16px&#8221; button_text_color=&#8221;#FFFFFF&#8221; button_bg_color=&#8221;#FF6B59&#8243; button_border_width=&#8221;0px&#8221; button_border_color=&#8221;#FF6B59&#8243; button_border_radius=&#8221;0px&#8221; button_font=&#8221;Montserrat|700|||||||&#8221; button_use_icon=&#8221;off&#8221; background_layout=&#8221;dark&#8221; button_border_color_hover=&#8221;#ff9e59&#8243; button_bg_color_hover=&#8221;#ff9e59&#8243; locked=&#8221;off&#8221; global_colors_info=&#8221;{}&#8221; button_text_size__hover_enabled=&#8221;off&#8221; button_one_text_size__hover_enabled=&#8221;off&#8221; button_two_text_size__hover_enabled=&#8221;off&#8221; button_text_color__hover_enabled=&#8221;off&#8221; button_one_text_color__hover_enabled=&#8221;off&#8221; button_two_text_color__hover_enabled=&#8221;off&#8221; button_border_width__hover_enabled=&#8221;off&#8221; button_one_border_width__hover_enabled=&#8221;off&#8221; button_two_border_width__hover_enabled=&#8221;off&#8221; button_border_color__hover_enabled=&#8221;on|desktop&#8221; button_border_color__hover=&#8221;#ff9e59&#8243; button_one_border_color__hover_enabled=&#8221;off&#8221; button_two_border_color__hover_enabled=&#8221;off&#8221; button_border_radius__hover_enabled=&#8221;off&#8221; button_one_border_radius__hover_enabled=&#8221;off&#8221; button_two_border_radius__hover_enabled=&#8221;off&#8221; button_letter_spacing__hover_enabled=&#8221;off&#8221; button_one_letter_spacing__hover_enabled=&#8221;off&#8221; button_two_letter_spacing__hover_enabled=&#8221;off&#8221; button_bg_color__hover_enabled=&#8221;on&#8221; button_bg_color__hover=&#8221;#ff9e59&#8243; button_one_bg_color__hover_enabled=&#8221;off&#8221; button_two_bg_color__hover_enabled=&#8221;off&#8221;][\/et_pb_button][\/et_pb_column][\/et_pb_row][\/et_pb_section][et_pb_section fb_built=&#8221;1&#8243; fullwidth=&#8221;on&#8221; admin_label=&#8221;Header&#8221; _builder_version=&#8221;4.16&#8243; background_color=&#8221;#b7b9c7&#8243; custom_padding=&#8221;0px|0|0px|0px|false|false&#8221; locked=&#8221;off&#8221; global_colors_info=&#8221;{}&#8221;][et_pb_fullwidth_header title=&#8221;Saber de qu\u00e9 habla todo el mundo..&#8221; button_one_text=&#8221;Glosario del carnaval  &#8221; button_one_url=&#8221;@ET-DC@eyJkeW5hbWljIjp0cnVlLCJjb250ZW50IjoicG9zdF9saW5rX3VybF9wb3N0Iiwic2V0dGluZ3MiOnsicG9zdF9pZCI6IjQyNTMxIn19@&#8221; background_overlay_color=&#8221;rgba(83,90,128,0.3)&#8221; content_max_width=&#8221;90%&#8221; _builder_version=&#8221;4.23.2&#8243; _dynamic_attributes=&#8221;button_one_url&#8221; title_font=&#8221;Merriweather|700|||||||&#8221; title_text_align=&#8221;center&#8221; title_font_size=&#8221;73px&#8221; title_line_height=&#8221;1.4em&#8221; content_font=&#8221;Noto Serif|700|||||||&#8221; content_text_align=&#8221;left&#8221; content_font_size=&#8221;32px&#8221; subhead_font=&#8221;Noto Sans||||||||&#8221; subhead_text_align=&#8221;center&#8221; subhead_font_size=&#8221;30px&#8221; subhead_line_height=&#8221;2em&#8221; background_color=&#8221;rgba(255,255,255,0)&#8221; background_image=&#8221;https:\/\/unique-universe.blog\/wp-content\/uploads\/2023\/07\/Caribbean-Carnival1.jpeg&#8221; parallax=&#8221;on&#8221; parallax_method=&#8221;on&#8221; custom_button_one=&#8221;on&#8221; button_one_text_size=&#8221;16px&#8221; button_one_text_color=&#8221;#FFFFFF&#8221; button_one_bg_color=&#8221;#FF6B59&#8243; button_one_border_width=&#8221;0px&#8221; button_one_border_color=&#8221;RGBA(255,255,255,0)&#8221; button_one_border_radius=&#8221;0px&#8221; button_one_font=&#8221;Montserrat|||on|||||&#8221; button_one_use_icon=&#8221;off&#8221; custom_margin=&#8221;|||&#8221; custom_padding=&#8221;250px||320px|&#8221; custom_padding_tablet=&#8221;100px|||&#8221; custom_padding_phone=&#8221;&#8221; custom_padding_last_edited=&#8221;on|phone&#8221; animation_style=&#8221;fade&#8221; animation_direction=&#8221;top&#8221; title_font_size_tablet=&#8221;60px&#8221; title_font_size_phone=&#8221;&#8221; title_font_size_last_edited=&#8221;on|desktop&#8221; subhead_font_size_tablet=&#8221;&#8221; subhead_font_size_phone=&#8221;20px&#8221; subhead_font_size_last_edited=&#8221;on|desktop&#8221; subhead_line_height_tablet=&#8221;&#8221; subhead_line_height_phone=&#8221;1.5em&#8221; subhead_line_height_last_edited=&#8221;on|phone&#8221; button_one_text_color_hover=&#8221;#ffffff&#8221; button_one_border_color_hover=&#8221;#ff9e59&#8243; button_one_border_radius_hover=&#8221;100px&#8221; button_one_bg_color_hover=&#8221;#ff9e59&#8243; global_colors_info=&#8221;{}&#8221; button_one_text_size__hover_enabled=&#8221;off&#8221; button_two_text_size__hover_enabled=&#8221;off&#8221; button_one_text_color__hover_enabled=&#8221;on&#8221; button_one_text_color__hover=&#8221;#ffffff&#8221; button_two_text_color__hover_enabled=&#8221;off&#8221; button_one_border_width__hover_enabled=&#8221;off&#8221; button_two_border_width__hover_enabled=&#8221;off&#8221; button_one_border_color__hover_enabled=&#8221;on&#8221; button_one_border_color__hover=&#8221;#ff9e59&#8243; button_two_border_color__hover_enabled=&#8221;off&#8221; button_one_border_radius__hover_enabled=&#8221;on|desktop&#8221; button_one_border_radius__hover=&#8221;0px&#8221; button_two_border_radius__hover_enabled=&#8221;off&#8221; button_one_letter_spacing__hover_enabled=&#8221;off&#8221; button_two_letter_spacing__hover_enabled=&#8221;off&#8221; button_one_bg_color__hover_enabled=&#8221;on&#8221; button_one_bg_color__hover=&#8221;#ff9e59&#8243; button_two_bg_color__hover_enabled=&#8221;off&#8221;][\/et_pb_fullwidth_header][\/et_pb_section][et_pb_section fb_built=&#8221;1&#8243; admin_label=&#8221;Recent Travels&#8221; _builder_version=&#8221;4.16&#8243; custom_padding=&#8221;80px|0px|80px|0px|true|false&#8221; global_colors_info=&#8221;{}&#8221;][et_pb_row _builder_version=&#8221;4.24.2&#8243; width=&#8221;90%&#8221; custom_padding=&#8221;|||&#8221; global_colors_info=&#8221;{}&#8221;][et_pb_column type=&#8221;4_4&#8243; _builder_version=&#8221;4.16&#8243; custom_padding=&#8221;|||&#8221; global_colors_info=&#8221;{}&#8221; custom_padding__hover=&#8221;|||&#8221;][et_pb_text _builder_version=&#8221;4.24.2&#8243; text_font=&#8221;Loto Regular||||||||&#8221; text_font_size=&#8221;17px&#8221; text_line_height=&#8221;2em&#8221; link_font=&#8221;||||||||&#8221; ul_font=&#8221;||||||||&#8221; ol_font=&#8221;||||||||&#8221; quote_font=&#8221;||||||||&#8221; header_font=&#8221;Merriweather||||||||&#8221; header_2_font=&#8221;Merriweather|700|||||||&#8221; header_2_font_size=&#8221;44px&#8221; header_2_line_height=&#8221;1.5em&#8221; text_orientation=&#8221;center&#8221; max_width=&#8221;800px&#8221; module_alignment=&#8221;center&#8221; header_2_font_size_phone=&#8221;34px&#8221; global_colors_info=&#8221;{}&#8221;]<\/p>\n<h2 style=\"text-align: center;\">\u00a1Explora el Caribe!<\/h2>\n<p class=\"p1\">[\/et_pb_text][et_pb_blog fullwidth=&#8221;off&#8221; include_categories=&#8221;385&#8243; _builder_version=&#8221;4.24.2&#8243; _module_preset=&#8221;default&#8221; global_colors_info=&#8221;{}&#8221;][\/et_pb_blog][\/et_pb_column][\/et_pb_row][\/et_pb_section]<\/p>\n","protected":false},"excerpt":{"rendered":"<p>Despu\u00e9s de planificar mi viaje al carnaval de Jamaica de 2024, ahora estoy lista para empezar a prepararme para el carnaval de Santa Luc\u00eda de 2024.<br \/>\nAqu\u00ed est\u00e1 todo lo que deben saber los visitantes <\/p>\n","protected":false},"author":2,"featured_media":51285,"comment_status":"open","ping_status":"open","sticky":false,"template":"","format":"standard","meta":{"_et_pb_use_builder":"on","_et_pb_old_content":"","_et_gb_content_width":"","_monsterinsights_skip_tracking":false,"_monsterinsights_sitenote_active":false,"_monsterinsights_sitenote_note":"","_monsterinsights_sitenote_category":0,"footnotes":""},"categories":[388,547],"tags":[],"class_list":["post-52148","post","type-post","status-publish","format-standard","has-post-thumbnail","hentry","category-caribe","category-santa-lucia"],"_links":{"self":[{"href":"https:\/\/unique-universe.blog\/es\/wp-json\/wp\/v2\/posts\/52148","targetHints":{"allow":["GET"]}}],"collection":[{"href":"https:\/\/unique-universe.blog\/es\/wp-json\/wp\/v2\/posts"}],"about":[{"href":"https:\/\/unique-universe.blog\/es\/wp-json\/wp\/v2\/types\/post"}],"author":[{"embeddable":true,"href":"https:\/\/unique-universe.blog\/es\/wp-json\/wp\/v2\/users\/2"}],"replies":[{"embeddable":true,"href":"https:\/\/unique-universe.blog\/es\/wp-json\/wp\/v2\/comments?post=52148"}],"version-history":[{"count":0,"href":"https:\/\/unique-universe.blog\/es\/wp-json\/wp\/v2\/posts\/52148\/revisions"}],"wp:featuredmedia":[{"embeddable":true,"href":"https:\/\/unique-universe.blog\/es\/wp-json\/wp\/v2\/media\/51285"}],"wp:attachment":[{"href":"https:\/\/unique-universe.blog\/es\/wp-json\/wp\/v2\/media?parent=52148"}],"wp:term":[{"taxonomy":"category","embeddable":true,"href":"https:\/\/unique-universe.blog\/es\/wp-json\/wp\/v2\/categories?post=52148"},{"taxonomy":"post_tag","embeddable":true,"href":"https:\/\/unique-universe.blog\/es\/wp-json\/wp\/v2\/tags?post=52148"}],"curies":[{"name":"wp","href":"https:\/\/api.w.org\/{rel}","templated":true}]}}