{"id":41188,"date":"2023-06-10T20:00:16","date_gmt":"2023-06-10T18:00:16","guid":{"rendered":"https:\/\/unique-universe.blog\/san-salvador-una-capital-resistente-rica-en-historia-cicatrices-y-esperanza\/"},"modified":"2023-08-05T14:26:38","modified_gmt":"2023-08-05T12:26:38","slug":"san-salvador-una-capital-resistente-rica-en-historia-cicatrices-y-esperanza","status":"publish","type":"post","link":"https:\/\/unique-universe.blog\/es\/san-salvador-una-capital-resistente-rica-en-historia-cicatrices-y-esperanza\/","title":{"rendered":"San Salvador: una capital resistente, rica en historia, cicatrices y esperanza"},"content":{"rendered":"<p>[et_pb_section fb_built=&#8221;1&#8243; fullwidth=&#8221;on&#8221; admin_label=&#8221;Header&#8221; _builder_version=&#8221;4.16&#8243; background_color=&#8221;#b7b9c7&#8243; custom_padding=&#8221;0px|0|0px|0px|false|false&#8221; locked=&#8221;off&#8221; global_colors_info=&#8221;{}&#8221;][et_pb_fullwidth_header title=&#8221;SAN SALVADOR&#8221; subhead=&#8221;El Salvador&#8221; button_one_text=&#8221;Itinerario en San Salvador&#8221; button_one_url=&#8221;#itinerario&#8221; _builder_version=&#8221;4.19.5&#8243; _module_preset=&#8221;2d1b8823-30bd-4bc6-9296-3bf14154e58a&#8221; background_image=&#8221;https:\/\/unique-universe.blog\/wp-content\/uploads\/2018\/07\/San-Salvador_El-Salvador-4.jpg&#8221; button_one_text_size=&#8221;17px&#8221; title_font_size_tablet=&#8221;&#8221; title_font_size_phone=&#8221;&#8221; title_font_size_last_edited=&#8221;on|tablet&#8221; subhead_font_size_tablet=&#8221;&#8221; subhead_font_size_phone=&#8221;&#8221; subhead_font_size_last_edited=&#8221;on|desktop&#8221; button_one_text_color_hover=&#8221;#ffffff&#8221; button_one_border_color_hover=&#8221;#ff9e59&#8243; button_one_border_radius_hover=&#8221;100px&#8221; button_one_bg_color_hover=&#8221;#ff9e59&#8243; global_colors_info=&#8221;{}&#8221; button_one_text_size__hover_enabled=&#8221;off&#8221; button_two_text_size__hover_enabled=&#8221;off&#8221; button_two_text_color__hover_enabled=&#8221;off&#8221; button_one_border_width__hover_enabled=&#8221;off&#8221; button_two_border_width__hover_enabled=&#8221;off&#8221; button_two_border_color__hover_enabled=&#8221;off&#8221; button_two_border_radius__hover_enabled=&#8221;off&#8221; button_one_letter_spacing__hover_enabled=&#8221;off&#8221; button_two_letter_spacing__hover_enabled=&#8221;off&#8221; button_two_bg_color__hover_enabled=&#8221;off&#8221;][\/et_pb_fullwidth_header][\/et_pb_section][et_pb_section fb_built=&#8221;1&#8243; admin_label=&#8221;Tour CTA &#038; Information Section&#8221; _builder_version=&#8221;4.16&#8243; custom_padding=&#8221;100px|0px|54px|0px|false|false&#8221; global_colors_info=&#8221;{}&#8221;][et_pb_row column_structure=&#8221;1_2,1_2&#8243; admin_label=&#8221;Tour CTA y Fila de Informaci\u00f3n&#8221; _builder_version=&#8221;4.18.0&#8243; global_colors_info=&#8221;{}&#8221;][et_pb_column type=&#8221;1_2&#8243; _builder_version=&#8221;4.16&#8243; custom_padding=&#8221;|||&#8221; global_colors_info=&#8221;{}&#8221; custom_padding__hover=&#8221;|||&#8221;][et_pb_cta title=&#8221;Una capital resistente, rica en historia, cicatrices y esperanza&#8221; button_url=&#8221;@ET-DC@eyJkeW5hbWljIjp0cnVlLCJjb250ZW50IjoicG9zdF9saW5rX3VybF9wb3N0Iiwic2V0dGluZ3MiOnsicG9zdF9pZCI6IjI3NTI2In19@&#8221; url_new_window=&#8221;on&#8221; button_text=&#8221;Lista de embalaje&#8221; _builder_version=&#8221;4.19.4&#8243; _dynamic_attributes=&#8221;button_url&#8221; _module_preset=&#8221;7ff25879-f561-4033-8e00-cb691e13e902&#8243; header_font=&#8221;Merriweather||||||||&#8221; header_font_size=&#8221;43px&#8221; button_text_color=&#8221;#ffffff&#8221; button_bg_color=&#8221;#FF6B59&#8243; button_border_width=&#8221;0px&#8221; button_border_radius=&#8221;0px&#8221; button_font=&#8221;Noto Sans|700||on|||||&#8221; button_alignment=&#8221;left&#8221; module_alignment=&#8221;center&#8221; button_text_color_hover=&#8221;#ffffff&#8221; button_border_color_hover=&#8221;#ff9e59&#8243; button_bg_color_hover=&#8221;#ff9e59&#8243; global_colors_info=&#8221;{}&#8221; button_text_size__hover_enabled=&#8221;off&#8221; button_one_text_size__hover_enabled=&#8221;off&#8221; button_two_text_size__hover_enabled=&#8221;off&#8221; button_one_text_color__hover_enabled=&#8221;off&#8221; button_two_text_color__hover_enabled=&#8221;off&#8221; button_border_width__hover_enabled=&#8221;off&#8221; button_one_border_width__hover_enabled=&#8221;off&#8221; button_two_border_width__hover_enabled=&#8221;off&#8221; button_border_color__hover_enabled=&#8221;on&#8221; button_border_color__hover=&#8221;&#8221; button_one_border_color__hover_enabled=&#8221;off&#8221; button_two_border_color__hover_enabled=&#8221;off&#8221; button_border_radius__hover_enabled=&#8221;off&#8221; button_one_border_radius__hover_enabled=&#8221;off&#8221; button_two_border_radius__hover_enabled=&#8221;off&#8221; button_letter_spacing__hover_enabled=&#8221;off&#8221; button_one_letter_spacing__hover_enabled=&#8221;off&#8221; button_two_letter_spacing__hover_enabled=&#8221;off&#8221; button_one_bg_color__hover_enabled=&#8221;off&#8221; button_two_bg_color__hover_enabled=&#8221;off&#8221;][\/et_pb_cta][\/et_pb_column][et_pb_column type=&#8221;1_2&#8243; _builder_version=&#8221;4.16&#8243; custom_padding=&#8221;|||&#8221; global_colors_info=&#8221;{}&#8221; custom_padding__hover=&#8221;|||&#8221;][et_pb_text _builder_version=&#8221;4.18.0&#8243; text_font=&#8221;Noto Sans||||||||&#8221; text_text_color=&#8221;#FF6B59&#8243; text_font_size=&#8221;8px&#8221; text_line_height=&#8221;2em&#8221; link_font=&#8221;||||||||&#8221; ul_font=&#8221;||||||||&#8221; ol_font=&#8221;||||||||&#8221; quote_font=&#8221;||||||||&#8221; header_font=&#8221;||||||||&#8221; header_text_color=&#8221;#FF6B59&#8243; header_2_font=&#8221;||||||||&#8221; header_4_font=&#8221;Montserrat|300||on|||||&#8221; header_4_text_color=&#8221;#FF6B59&#8243; header_5_font=&#8221;Merriweather|700|||||||&#8221; header_5_text_color=&#8221;#FF6B59&#8243; header_5_font_size=&#8221;20px&#8221; header_5_line_height=&#8221;2em&#8221; module_alignment_tablet=&#8221;&#8221; module_alignment_phone=&#8221;left&#8221; module_alignment_last_edited=&#8221;on|phone&#8221; global_colors_info=&#8221;{}&#8221;]<\/p>\n<h4><span style=\"color: #ff6b59;\"><strong>Duraci\u00f3n:<\/strong> al menos una semana<\/span><\/h4>\n<h4><span style=\"color: #ff6b59;\"><br \/>\n  <strong>Estancia: <\/strong><br \/>\n<\/span>Hotel Villa Florencia Centro Hist\u00f3rico<\/h4>\n<div class=\"e6e585da68\"><\/div>\n<p>[\/et_pb_text][et_pb_text _builder_version=&#8221;4.21.2&#8243; text_font=&#8221;Loto Regular||||||||&#8221; link_font=&#8221;||||||||&#8221; ul_font=&#8221;||||||||&#8221; ol_font=&#8221;||||||||&#8221; quote_font=&#8221;||||||||&#8221; header_font=&#8221;||||||||&#8221; header_2_font=&#8221;||||||||&#8221; header_5_font=&#8221;Noto Sans|700|||||||&#8221; header_5_text_color=&#8221;#ff6b5a&#8221; header_5_font_size=&#8221;20px&#8221; header_5_line_height=&#8221;2em&#8221; hover_enabled=&#8221;0&#8243; global_colors_info=&#8221;{}&#8221; sticky_enabled=&#8221;0&#8243;]<\/p>\n<p class=\"p1\"><span class=\"fontstyle0\">San Salvador es apasionante, su energ\u00eda contagiosa. La ciudad, con sus numerosos museos, iglesias y murales, ofrece a los visitantes la oportunidad de aprender y comprender <a href=\"https:\/\/unique-universe.blog\/es\/america-central\/el-salvador-es\/\" target=\"_blank\" rel=\"noopener\">la historia de El Salvador<\/a>. Los coloridos cuadros adornan a menudo las paredes de San Salvador. Presta atenci\u00f3n cuando los adelantes. A menudo narran la historia reciente y pretenden sensibilizar sobre cuestiones sociales. Nos asombr\u00e1bamos cada vez que explor\u00e1bamos y nos encantaba conocer la cultura a trav\u00e9s de sus amables gentes. Recomendamos encarecidamente esta incre\u00edble ciudad, ya que San Salvador tiene mucho que ofrecer, sea cual sea el tipo de experiencia que esperes.<\/span><\/p>\n<h3 class=\"p1\"><span class=\"fontstyle0\">Una capital entre volcanes y playas<\/span><span class=\"fontstyle0\"><\/span><\/h3>\n<p class=\"p1\"><span class=\"fontstyle0\">La palpitante capital est\u00e1 rodeada de impresionantes volcanes, que ofrecen muchas oportunidades para hacer excursiones de un d\u00eda. Si \u00e9stas no fueran razones suficientes para visitarla, tambi\u00e9n puedes llegar a algunas de las playas m\u00e1s animadas en un corto trayecto en autob\u00fas (aproximadamente una hora) si te apetece salir de la ciudad. San Salvador nos hipnotiz\u00f3 y nos rob\u00f3 el coraz\u00f3n. S\u00f3lo podemos recomendar visitarla y conocer a sus fabulosas gentes.<\/span><\/p>\n<p>[\/et_pb_text][\/et_pb_column][\/et_pb_row][\/et_pb_section][et_pb_section fb_built=&#8221;1&#8243; admin_label=&#8221;Bar Counters Section&#8221; _builder_version=&#8221;4.18.0&#8243; use_background_color_gradient=&#8221;on&#8221; background_color_gradient_direction=&#8221;1deg&#8221; background_color_gradient_stops=&#8221;rgba(255,255,255,0) 60%|#ffffff 100%&#8221; background_color_gradient_overlays_image=&#8221;on&#8221; background_color_gradient_start=&#8221;rgba(255,255,255,0)&#8221; background_color_gradient_start_position=&#8221;60%&#8221; background_color_gradient_end=&#8221;#ffffff&#8221; background_image=&#8221;https:\/\/unique-universe.blog\/wp-content\/uploads\/2018\/07\/San-Salvador_El-Salvador-22.jpg&#8221; parallax=&#8221;on&#8221; custom_padding=&#8221;54px|0px|30vw|0px&#8221; global_colors_info=&#8221;{}&#8221;][et_pb_row column_structure=&#8221;1_2,1_2&#8243; admin_label=&#8221;Barra Contadores Remo&#8221; _builder_version=&#8221;4.18.0&#8243; module_alignment=&#8221;center&#8221; custom_padding=&#8221;27px|0px|0px|0px&#8221; global_colors_info=&#8221;{}&#8221;][et_pb_column type=&#8221;1_2&#8243; _builder_version=&#8221;4.16&#8243; custom_padding=&#8221;|||&#8221; global_colors_info=&#8221;{}&#8221; custom_padding__hover=&#8221;|||&#8221;][\/et_pb_column][et_pb_column type=&#8221;1_2&#8243; _builder_version=&#8221;4.18.0&#8243; background_color=&#8221;rgba(255,255,255,0.3)&#8221; custom_padding=&#8221;|||&#8221; global_colors_info=&#8221;{}&#8221; custom_padding__hover=&#8221;|||&#8221;][et_pb_counters _builder_version=&#8221;4.18.0&#8243; percent_font=&#8221;||||||||&#8221; global_colors_info=&#8221;{}&#8221;][et_pb_counter percent=&#8221;85&#8243; bar_background_color=&#8221;#637F50&#8243; _builder_version=&#8221;4.18.0&#8243; title_text_color=&#8221;#000000&#8243; global_colors_info=&#8221;{}&#8221; bar_background_color_default=&#8221;#BACBA9&#8243; use_percentages=&#8221;on&#8221;]Visitas tur\u00edsticas[\/et_pb_counter][et_pb_counter percent=&#8221;95&#8243; bar_background_color=&#8221;#637F50&#8243; _builder_version=&#8221;4.18.0&#8243; title_text_color=&#8221;#000000&#8243; global_colors_info=&#8221;{}&#8221; bar_background_color_default=&#8221;#BACBA9&#8243; use_percentages=&#8221;on&#8221;]Cultura[\/et_pb_counter][et_pb_counter percent=&#8221;100&#8243; bar_background_color=&#8221;#637F50&#8243; _builder_version=&#8221;4.18.0&#8243; title_text_color=&#8221;#000000&#8243; global_colors_info=&#8221;{}&#8221; bar_background_color_default=&#8221;#BACBA9&#8243; use_percentages=&#8221;on&#8221;]Actividades[\/et_pb_counter][et_pb_counter percent=&#8221;70&#8243; bar_background_color=&#8221;#637F50&#8243; _builder_version=&#8221;4.18.0&#8243; title_text_color=&#8221;#000000&#8243; global_colors_info=&#8221;{}&#8221; bar_background_color_default=&#8221;#BACBA9&#8243; use_percentages=&#8221;on&#8221;]Vida nocturna[\/et_pb_counter][\/et_pb_counters][\/et_pb_column][\/et_pb_row][\/et_pb_section][et_pb_section fb_built=&#8221;1&#8243; admin_label=&#8221;Useful Travel Trips&#8221; _builder_version=&#8221;4.16&#8243; custom_padding=&#8221;100px|0px|100px|0px|true|false&#8221; global_colors_info=&#8221;{}&#8221;][et_pb_row _builder_version=&#8221;4.16&#8243; custom_padding=&#8221;|||&#8221; global_colors_info=&#8221;{}&#8221;][et_pb_column type=&#8221;4_4&#8243; _builder_version=&#8221;4.16&#8243; custom_padding=&#8221;|||&#8221; global_colors_info=&#8221;{}&#8221; custom_padding__hover=&#8221;|||&#8221;][et_pb_text _builder_version=&#8221;4.21.2&#8243; text_font=&#8221;Loto Regular||on||||||&#8221; header_font=&#8221;||||||||&#8221; max_width=&#8221;800px&#8221; max_width_tablet=&#8221;&#8221; max_width_phone=&#8221;&#8221; max_width_last_edited=&#8221;on|phone&#8221; module_alignment=&#8221;center&#8221; custom_padding=&#8221;|||&#8221; hover_enabled=&#8221;0&#8243; global_colors_info=&#8221;{}&#8221; sticky_enabled=&#8221;0&#8243;]<\/p>\n<p><span class=\"fontstyle0\">San Salvador, el coraz\u00f3n resistente de <a href=\"https:\/\/unique-universe.blog\/es\/america-central\/el-salvador-es\/\" target=\"_blank\" rel=\"noopener\">El Salvador<\/a>. La capital lleva profundas cicatrices. Muchos de ellos son a\u00fan visibles en el Centro Hist\u00f3rico y tangibles en los corazones y recuerdos de sus habitantes. Su angustia era omnipresente. Sin embargo, la feroz determinaci\u00f3n de la ciudad por un futuro mejor y sus aspiraciones son contagiosas, lo que hace de San Salvador nuestra capital favorita de <a href=\"https:\/\/unique-universe.blog\/es\/america-central\/\" target=\"_blank\" rel=\"noopener\">Centroam\u00e9rica<\/a>.<\/span><\/p>\n<p>[\/et_pb_text][\/et_pb_column][\/et_pb_row][\/et_pb_section][et_pb_section fb_built=&#8221;1&#8243; admin_label=&#8221;Video&#8221; _builder_version=&#8221;4.18.0&#8243; background_color=&#8221;#f4f6f0&#8243; custom_padding=&#8221;|||&#8221; locked=&#8221;off&#8221; global_colors_info=&#8221;{}&#8221;][et_pb_row column_structure=&#8221;3_5,2_5&#8243; use_custom_gutter=&#8221;on&#8221; gutter_width=&#8221;1&#8243; module_id=&#8221;itinerary&#8221; module_class=&#8221; et_pb_row_fullwidth&#8221; _builder_version=&#8221;4.18.0&#8243; width=&#8221;100%&#8221; width_tablet=&#8221;100%&#8221; width_phone=&#8221;100%&#8221; width_last_edited=&#8221;on|desktop&#8221; max_width_tablet=&#8221;100%&#8221; max_width_phone=&#8221;100%&#8221; max_width_last_edited=&#8221;on|desktop&#8221; custom_padding=&#8221;0px||0px||true&#8221; make_fullwidth=&#8221;on&#8221; global_colors_info=&#8221;{}&#8221;][et_pb_column type=&#8221;3_5&#8243; _builder_version=&#8221;4.16&#8243; custom_padding=&#8221;|||&#8221; global_colors_info=&#8221;{}&#8221; custom_padding__hover=&#8221;|||&#8221;][et_pb_video src=&#8221;https:\/\/www.youtube.com\/watch?v=_TtEwKK9Ldw&#8221; image_src=&#8221;\/\/i.ytimg.com\/vi\/_TtEwKK9Ldw\/hqdefault.jpg&#8221; _builder_version=&#8221;4.18.0&#8243; _module_preset=&#8221;default&#8221; db_limit_youtube_related_videos_to_same_channel=&#8221;on&#8221; global_colors_info=&#8221;{}&#8221;][\/et_pb_video][\/et_pb_column][et_pb_column type=&#8221;2_5&#8243; _builder_version=&#8221;4.16&#8243; custom_padding=&#8221;6%|6%|6%|6%&#8221; custom_padding_tablet=&#8221;|10%||10%||true&#8221; custom_padding_phone=&#8221;|||&#8221; custom_padding_last_edited=&#8221;on|desktop&#8221; global_colors_info=&#8221;{}&#8221; custom_padding__hover=&#8221;|||&#8221;][dsm_text_notation before_text=&#8221;Cosas que hacer en  &#8221; notation_text=&#8221;San Salvador&#8221; notation_color=&#8221;gcid-337464f7-7e39-46d7-bf72-37059aae4298&#8243; _builder_version=&#8221;4.19.5&#8243; _module_preset=&#8221;bc5aa348-9cae-4cae-804f-0de6e9682471&#8243; global_colors_info=&#8221;{%22gcid-337464f7-7e39-46d7-bf72-37059aae4298%22:%91%22notation_color%22%93}&#8221;][\/dsm_text_notation][et_pb_text _builder_version=&#8221;4.19.5&#8243; _module_preset=&#8221;367c60d0-0742-48dc-86b5-f4731a3735f7&#8243; global_colors_info=&#8221;{}&#8221;]<\/p>\n<ul>\n<li><strong><span style=\"color: #ff6b59;\"><a href=\"#thing_do_1\" style=\"color: #ff6b59;\">Descubre San Salvador Centro hist\u00f3rico<\/a><\/span><\/strong><strong><span style=\"color: #ff6b59;\"><\/span><\/strong><\/li>\n<li><strong><span style=\"color: #ff6b59;\"><a href=\"#thing_do_2\" style=\"color: #ff6b59;\">Sal de fiesta toda la noche en la Zona Rosa<\/a><\/span><\/strong><\/li>\n<li><strong><span style=\"color: #ff6b59;\"><a href=\"#thing_do_3\">Senderismo en el Parque Nacional de Boquer\u00f3n<\/a><\/span><\/strong><\/li>\n<li><strong><span style=\"color: #ff6b59;\"><a href=\"#thing_do_4\" style=\"color: #ff6b59;\">Vive la vida del surfista en Costa de Balsamico<\/a><\/span><\/strong><\/li>\n<li><strong><span style=\"color: #ff6b59;\"><a href=\"#thing_do_5\" style=\"color: #ff6b59;\">Vive la vida del surfista en Costa de Balsamico<\/a><\/span><\/strong><\/li>\n<li><a href=\"#good_knowing\"><strong><span style=\"color: #ff6b59;\">Es bueno saberlo<\/span><\/strong><\/a><\/li>\n<\/ul>\n<p>[\/et_pb_text][\/et_pb_column][\/et_pb_row][\/et_pb_section][et_pb_section fb_built=&#8221;1&#8243; _builder_version=&#8221;4.18.0&#8243; _module_preset=&#8221;default&#8221; global_colors_info=&#8221;{}&#8221;][et_pb_row column_structure=&#8221;2_5,3_5&#8243; module_id=&#8221;thing_do_1&#8243; _builder_version=&#8221;4.19.5&#8243; _module_preset=&#8221;b97313bd-5b9d-43ad-bbe6-2cc566bda503&#8243; global_colors_info=&#8221;{}&#8221;][et_pb_column type=&#8221;2_5&#8243; _builder_version=&#8221;4.18.0&#8243; _module_preset=&#8221;default&#8221; background_color=&#8221;#FFFFFF&#8221; custom_padding=&#8221;110px|60px|110px|40px|true|false&#8221; custom_padding_tablet=&#8221;60px||60px||true|false&#8221; custom_padding_phone=&#8221;40px|20px|40px|20px|true|true&#8221; custom_padding_last_edited=&#8221;on|phone&#8221; box_shadow_style=&#8221;preset2&#8243; box_shadow_horizontal=&#8221;-6px&#8221; box_shadow_color=&#8221;rgba(0,0,0,0.1)&#8221; global_colors_info=&#8221;{}&#8221;][et_pb_blurb title=&#8221;Centro Hist\u00f3rico&#8221; use_icon=&#8221;on&#8221; font_icon=&#8221;&#xf3c5;||fa||900&#8243; icon_color=&#8221;#FF6B59&#8243; icon_placement=&#8221;left&#8221; content_max_width=&#8221;100%&#8221; image_tablet=&#8221;https:\/\/unique-universe.blog\/wp-content\/uploads\/2022\/06\/Compass-Logo.svg&#8221; image_phone=&#8221;&#8221; image_last_edited=&#8221;on|phone&#8221; icon_placement_tablet=&#8221;left&#8221; icon_placement_phone=&#8221;top&#8221; icon_placement_last_edited=&#8221;on|phone&#8221; _builder_version=&#8221;4.18.0&#8243; _module_preset=&#8221;default&#8221; header_level=&#8221;h3&#8243; header_font=&#8221;Merriweather||||||||&#8221; header_font_size=&#8221;28px&#8221; body_font=&#8221;Loto Regular||||||||&#8221; dsm_modules_readmore=&#8221;on&#8221; global_colors_info=&#8221;{}&#8221; image__hover_enabled=&#8221;off|desktop&#8221;]<\/p>\n<p><span class=\"fontstyle0\">El centro hist\u00f3rico de San Salvador es una ventana al pasado. Hasta hace pocos a\u00f1os, la mayor\u00eda de la gente de clase media no se atrev\u00eda a visitar su Centr\u00f3 Hist\u00f3rico tras el fin de la guerra civil en 1992. Luego, paso a paso, los sanandresanos recuperaron su centro a medida que las heridas empezaban a cicatrizar lentamente. Se est\u00e1n llevando a cabo obras de restauraci\u00f3n entre los muros marcados por las balas y los edificios en ruinas, y han surgido varias tiendas de gangas, vendedores de comida y visitantes. Hay varias tiendas de segunda mano, y nos permitimos una primavera de compras. Hemos llegado a conocer a los salvadore\u00f1os como fieros y optimistas, y el centro hist\u00f3rico representa precisamente esto para nosotros.<\/span><\/p>\n<p>[\/et_pb_blurb][\/et_pb_column][et_pb_column type=&#8221;3_5&#8243; _builder_version=&#8221;4.17.4&#8243; _module_preset=&#8221;default&#8221; global_colors_info=&#8221;{}&#8221;][et_pb_image src=&#8221;https:\/\/unique-universe.blog\/wp-content\/uploads\/2018\/07\/San-Salvador_El-Salvador-5.jpg&#8221; alt=&#8221;Iglesia de Cavalerio en Le\u00f3n, Nicaragua&#8221; title_text=&#8221;San Salvador_El Salvador-5&#8243; _builder_version=&#8221;4.18.0&#8243; _module_preset=&#8221;default&#8221; width=&#8221;90%&#8221; module_alignment=&#8221;center&#8221; global_colors_info=&#8221;{}&#8221;][\/et_pb_image][\/et_pb_column][\/et_pb_row][et_pb_row column_structure=&#8221;3_5,2_5&#8243; use_custom_gutter=&#8221;on&#8221; gutter_width=&#8221;1&#8243; make_equal=&#8221;on&#8221; module_id=&#8221;thing_do_2&#8243; _builder_version=&#8221;4.18.0&#8243; _module_preset=&#8221;default&#8221; module_alignment=&#8221;center&#8221; custom_css_main_element=&#8221;align-items: center;&#8221; global_colors_info=&#8221;{}&#8221;][et_pb_column type=&#8221;3_5&#8243; _builder_version=&#8221;4.18.0&#8243; _module_preset=&#8221;default&#8221; global_colors_info=&#8221;{}&#8221;][et_pb_image src=&#8221;https:\/\/unique-universe.blog\/wp-content\/uploads\/2018\/07\/San-Salvador_El-Salvador-13.jpg&#8221; alt=&#8221;Granada, Nicaragua: mercado&#8221; title_text=&#8221;San Salvador_El Salvador-13&#8243; force_fullwidth=&#8221;on&#8221; _builder_version=&#8221;4.18.0&#8243; _module_preset=&#8221;default&#8221; min_height=&#8221;90px&#8221; global_colors_info=&#8221;{}&#8221;][\/et_pb_image][\/et_pb_column][et_pb_column type=&#8221;2_5&#8243; _builder_version=&#8221;4.18.0&#8243; _module_preset=&#8221;default&#8221; background_color=&#8221;#FFFFFF&#8221; custom_padding=&#8221;110px|60px|110px|40px|true|false&#8221; custom_padding_tablet=&#8221;60px||60px||true|false&#8221; custom_padding_phone=&#8221;40px|20px|40px|20px|true|true&#8221; custom_padding_last_edited=&#8221;on|phone&#8221; box_shadow_style=&#8221;preset2&#8243; box_shadow_color=&#8221;rgba(0,0,0,0.1)&#8221; global_colors_info=&#8221;{}&#8221;][et_pb_blurb title=&#8221;Biblioteca Nacional&#8221; use_icon=&#8221;on&#8221; font_icon=&#8221;&#xf3c5;||fa||900&#8243; icon_color=&#8221;#FF6B59&#8243; icon_placement=&#8221;left&#8221; content_max_width=&#8221;100%&#8221; image_tablet=&#8221;https:\/\/unique-universe.blog\/wp-content\/uploads\/2022\/06\/Compass-Logo.svg&#8221; image_phone=&#8221;&#8221; image_last_edited=&#8221;on|phone&#8221; icon_placement_tablet=&#8221;left&#8221; icon_placement_phone=&#8221;top&#8221; icon_placement_last_edited=&#8221;on|phone&#8221; _builder_version=&#8221;4.18.0&#8243; _module_preset=&#8221;default&#8221; header_level=&#8221;h3&#8243; header_font=&#8221;Merriweather||||||||&#8221; header_font_size=&#8221;28px&#8221; body_font=&#8221;Loto Regular||||||||&#8221; global_colors_info=&#8221;{}&#8221; image__hover_enabled=&#8221;off|desktop&#8221;]<\/p>\n<p><span class=\"fontstyle0\">Visitamos la Biblioteca Nacional, donde se expone la bibliograf\u00eda de la paz. Poco despu\u00e9s del d\u00eda de San Valent\u00edn, encontramos un muro creado por visitantes que expresaban su amor por su pa\u00eds, la paz y la literatura.<\/span><\/p>\n<p>[\/et_pb_blurb][\/et_pb_column][\/et_pb_row][et_pb_row column_structure=&#8221;2_5,3_5&#8243; module_id=&#8221;thing_do_3&#8243; _builder_version=&#8221;4.19.5&#8243; _module_preset=&#8221;b97313bd-5b9d-43ad-bbe6-2cc566bda503&#8243; module_alignment=&#8221;center&#8221; global_colors_info=&#8221;{}&#8221;][et_pb_column type=&#8221;2_5&#8243; _builder_version=&#8221;4.18.0&#8243; _module_preset=&#8221;default&#8221; background_color=&#8221;#FFFFFF&#8221; custom_padding=&#8221;110px|60px|110px|40px|true|false&#8221; custom_padding_tablet=&#8221;60px||60px||true|false&#8221; custom_padding_phone=&#8221;40px|20px|40px|20px|true|true&#8221; custom_padding_last_edited=&#8221;on|phone&#8221; box_shadow_style=&#8221;preset2&#8243; box_shadow_color=&#8221;rgba(0,0,0,0.1)&#8221; global_colors_info=&#8221;{}&#8221;][et_pb_blurb title=&#8221;Palacio Nacional&#8221; use_icon=&#8221;on&#8221; font_icon=&#8221;&#xf3c5;||fa||900&#8243; icon_color=&#8221;#FF6B59&#8243; icon_placement=&#8221;left&#8221; content_max_width=&#8221;100%&#8221; image_tablet=&#8221;https:\/\/unique-universe.blog\/wp-content\/uploads\/2022\/06\/Compass-Logo.svg&#8221; image_phone=&#8221;&#8221; image_last_edited=&#8221;on|phone&#8221; icon_placement_tablet=&#8221;left&#8221; icon_placement_phone=&#8221;top&#8221; icon_placement_last_edited=&#8221;on|phone&#8221; _builder_version=&#8221;4.18.0&#8243; _module_preset=&#8221;default&#8221; header_level=&#8221;h3&#8243; header_font=&#8221;Merriweather||||||||&#8221; header_font_size=&#8221;28px&#8221; body_font=&#8221;Loto Regular||||||||&#8221; global_colors_info=&#8221;{}&#8221; image__hover_enabled=&#8221;off|desktop&#8221;]<\/p>\n<p><span class=\"fontstyle0\">Se encuentra justo al lado de la Catedral Metropolitana. El impresionante Palacio Nacional, primer edificio de la rep\u00fablica, se construy\u00f3 en 1870. Hoy el Palacio Nacional alberga los archivos nacionales y a veces presenta exposiciones de arte.<\/span><\/p>\n<p>[\/et_pb_blurb][\/et_pb_column][et_pb_column type=&#8221;3_5&#8243; _builder_version=&#8221;4.17.4&#8243; _module_preset=&#8221;default&#8221; global_colors_info=&#8221;{}&#8221;][et_pb_image src=&#8221;https:\/\/unique-universe.blog\/wp-content\/uploads\/2018\/07\/San-Salvador_El-Salvador-9.jpg&#8221; alt=&#8221;Le\u00f3n, Nicaragua: barrio Sutiavia&#8221; title_text=&#8221;San Salvador_El Salvador-9&#8243; force_fullwidth=&#8221;on&#8221; _builder_version=&#8221;4.18.0&#8243; _module_preset=&#8221;default&#8221; min_height=&#8221;90px&#8221; global_colors_info=&#8221;{}&#8221;][\/et_pb_image][\/et_pb_column][\/et_pb_row][et_pb_row column_structure=&#8221;3_5,2_5&#8243; use_custom_gutter=&#8221;on&#8221; gutter_width=&#8221;1&#8243; make_equal=&#8221;on&#8221; module_id=&#8221;thing_do_4&#8243; module_class=&#8221;reverse&#8221; _builder_version=&#8221;4.18.0&#8243; _module_preset=&#8221;default&#8221; custom_css_main_element=&#8221;align-items: center;&#8221; global_colors_info=&#8221;{}&#8221;][et_pb_column type=&#8221;3_5&#8243; _builder_version=&#8221;4.17.4&#8243; _module_preset=&#8221;default&#8221; global_colors_info=&#8221;{}&#8221;][et_pb_image src=&#8221;https:\/\/unique-universe.blog\/wp-content\/uploads\/2018\/07\/San-Salvador_El-Salvador-7.jpg&#8221; alt=&#8221;Granada, Nicaragua: dani delante de la iglesia&#8221; title_text=&#8221;San Salvador_El Salvador-7&#8243; _builder_version=&#8221;4.18.0&#8243; _module_preset=&#8221;default&#8221; width=&#8221;90%&#8221; module_alignment=&#8221;center&#8221; global_colors_info=&#8221;{}&#8221;][\/et_pb_image][\/et_pb_column][et_pb_column type=&#8221;2_5&#8243; _builder_version=&#8221;4.18.0&#8243; _module_preset=&#8221;default&#8221; background_color=&#8221;#FFFFFF&#8221; custom_padding=&#8221;110px|60px|110px|40px|true|false&#8221; custom_padding_tablet=&#8221;60px||60px||true|false&#8221; custom_padding_phone=&#8221;40px|20px|40px|20px|true|true&#8221; custom_padding_last_edited=&#8221;on|phone&#8221; box_shadow_style=&#8221;preset2&#8243; box_shadow_horizontal=&#8221;-6px&#8221; box_shadow_color=&#8221;rgba(0,0,0,0.1)&#8221; global_colors_info=&#8221;{}&#8221;][et_pb_blurb title=&#8221;Teatro Nacional&#8221; use_icon=&#8221;on&#8221; font_icon=&#8221;&#xf3c5;||fa||900&#8243; icon_color=&#8221;#FF6B59&#8243; icon_placement=&#8221;left&#8221; content_max_width=&#8221;100%&#8221; image_tablet=&#8221;https:\/\/unique-universe.blog\/wp-content\/uploads\/2022\/06\/Compass-Logo.svg&#8221; image_phone=&#8221;&#8221; image_last_edited=&#8221;on|phone&#8221; icon_placement_tablet=&#8221;left&#8221; icon_placement_phone=&#8221;top&#8221; icon_placement_last_edited=&#8221;on|phone&#8221; _builder_version=&#8221;4.21.2&#8243; _module_preset=&#8221;default&#8221; header_level=&#8221;h3&#8243; header_font=&#8221;Merriweather||||||||&#8221; header_font_size=&#8221;28px&#8221; body_font=&#8221;Loto Regular||||||||&#8221; hover_enabled=&#8221;0&#8243; dsm_modules_readmore=&#8221;on&#8221; global_colors_info=&#8221;{}&#8221; image__hover_enabled=&#8221;off|desktop&#8221; sticky_enabled=&#8221;0&#8243;]<\/p>\n<p><span class=\"fontstyle0\">El Teatro Nacional de San Salvador podr\u00eda ser el teatro m\u00e1s antiguo de Centroam\u00e9rica. Es el m\u00e1s importante para las artes y la cultura en <\/span><span class=\"fontstyle0\"><a href=\"https:\/\/unique-universe.blog\/es\/america-central\/el-salvador-es\/\" target=\"_blank\" rel=\"noopener\">El Salvador<\/a>.<\/span><\/p>\n<p>[\/et_pb_blurb][\/et_pb_column][\/et_pb_row][et_pb_row column_structure=&#8221;2_5,3_5&#8243; module_id=&#8221;thing_do_5&#8243; _builder_version=&#8221;4.19.5&#8243; _module_preset=&#8221;b97313bd-5b9d-43ad-bbe6-2cc566bda503&#8243; module_alignment=&#8221;center&#8221; global_colors_info=&#8221;{}&#8221;][et_pb_column type=&#8221;2_5&#8243; _builder_version=&#8221;4.18.0&#8243; _module_preset=&#8221;default&#8221; background_color=&#8221;#FFFFFF&#8221; custom_padding=&#8221;110px|60px|110px|40px|true|false&#8221; custom_padding_tablet=&#8221;60px||60px||true|false&#8221; custom_padding_phone=&#8221;40px|20px|40px|20px|true|true&#8221; custom_padding_last_edited=&#8221;on|phone&#8221; box_shadow_style=&#8221;preset2&#8243; box_shadow_color=&#8221;rgba(0,0,0,0.1)&#8221; global_colors_info=&#8221;{}&#8221;][et_pb_blurb title=&#8221;Iglesia El Rosario &#8211; Una iglesia de visita obligada&#8221; use_icon=&#8221;on&#8221; font_icon=&#8221;&#xf3c5;||fa||900&#8243; icon_color=&#8221;#FF6B59&#8243; icon_placement=&#8221;left&#8221; content_max_width=&#8221;100%&#8221; image_tablet=&#8221;https:\/\/unique-universe.blog\/wp-content\/uploads\/2022\/06\/Compass-Logo.svg&#8221; image_phone=&#8221;&#8221; image_last_edited=&#8221;on|phone&#8221; icon_placement_tablet=&#8221;left&#8221; icon_placement_phone=&#8221;top&#8221; icon_placement_last_edited=&#8221;on|phone&#8221; _builder_version=&#8221;4.18.0&#8243; _module_preset=&#8221;default&#8221; header_level=&#8221;h3&#8243; header_font=&#8221;Merriweather||||||||&#8221; header_font_size=&#8221;28px&#8221; body_font=&#8221;Loto Regular||||||||&#8221; global_colors_info=&#8221;{}&#8221; image__hover_enabled=&#8221;off|desktop&#8221;]<\/p>\n<p><span class=\"fontstyle0\">Nuestro edificio favorito, y el m\u00e1s fascinante, es la Iglesia El Rosario. Aunque el edificio es bastante discreto desde el exterior, una vez que entres encontrar\u00e1s un caleidoscopio de colores. Miles de piezas de cristal de colores colocadas en el techo en forma de media luna crean un fant\u00e1stico juego de colores cuando la luz incide en el edificio. La atm\u00f3sfera es pura belleza. Dise\u00f1ada por el joven Rub\u00e9n Mart\u00ednez, la iglesia pretende ser la primera declaraci\u00f3n contra el elitismo de la misa en lat\u00edn. Un s\u00edmbolo de igualdad y solidaridad con la clase obrera y los pobres.<\/span><\/p>\n<p>[\/et_pb_blurb][\/et_pb_column][et_pb_column type=&#8221;3_5&#8243; _builder_version=&#8221;4.17.4&#8243; _module_preset=&#8221;default&#8221; global_colors_info=&#8221;{}&#8221;][et_pb_image src=&#8221;https:\/\/unique-universe.blog\/wp-content\/uploads\/2018\/07\/San-Salvador_El-Salvador-3.jpg&#8221; alt=&#8221;Granada, Nicaragua: Lauri en el Parque Col\u00f3n&#8221; title_text=&#8221;San Salvador_El Salvador-3&#8243; force_fullwidth=&#8221;on&#8221; _builder_version=&#8221;4.18.0&#8243; _module_preset=&#8221;default&#8221; min_height=&#8221;90px&#8221; global_colors_info=&#8221;{}&#8221;][\/et_pb_image][\/et_pb_column][\/et_pb_row][et_pb_row column_structure=&#8221;3_5,2_5&#8243; use_custom_gutter=&#8221;on&#8221; gutter_width=&#8221;1&#8243; make_equal=&#8221;on&#8221; module_id=&#8221;thing_do_6&#8243; _builder_version=&#8221;4.18.0&#8243; _module_preset=&#8221;default&#8221; custom_css_main_element=&#8221;align-items: center;&#8221; global_colors_info=&#8221;{}&#8221;][et_pb_column type=&#8221;3_5&#8243; _builder_version=&#8221;4.17.4&#8243; _module_preset=&#8221;default&#8221; global_colors_info=&#8221;{}&#8221;][et_pb_image src=&#8221;https:\/\/unique-universe.blog\/wp-content\/uploads\/2018\/07\/San-Salvador_El-Salvador-10.jpg&#8221; title_text=&#8221;San Salvador_El Salvador-10&#8243; _builder_version=&#8221;4.18.0&#8243; _module_preset=&#8221;default&#8221; width=&#8221;90%&#8221; module_alignment=&#8221;center&#8221; global_colors_info=&#8221;{}&#8221;][\/et_pb_image][\/et_pb_column][et_pb_column type=&#8221;2_5&#8243; _builder_version=&#8221;4.18.0&#8243; _module_preset=&#8221;default&#8221; background_color=&#8221;#FFFFFF&#8221; custom_padding=&#8221;110px|60px|110px|40px|true|false&#8221; custom_padding_tablet=&#8221;60px||60px||true|false&#8221; custom_padding_phone=&#8221;40px|20px|40px|20px|true|true&#8221; custom_padding_last_edited=&#8221;on|phone&#8221; box_shadow_style=&#8221;preset2&#8243; box_shadow_horizontal=&#8221;-6px&#8221; box_shadow_color=&#8221;rgba(0,0,0,0.1)&#8221; global_colors_info=&#8221;{}&#8221;][et_pb_blurb title=&#8221;Catedral Metropolitana&#8221; use_icon=&#8221;on&#8221; font_icon=&#8221;&#xf3c5;||fa||900&#8243; icon_color=&#8221;#FF6B59&#8243; icon_placement=&#8221;left&#8221; content_max_width=&#8221;100%&#8221; image_tablet=&#8221;https:\/\/unique-universe.blog\/wp-content\/uploads\/2022\/06\/Compass-Logo.svg&#8221; image_phone=&#8221;&#8221; image_last_edited=&#8221;on|phone&#8221; icon_placement_tablet=&#8221;left&#8221; icon_placement_phone=&#8221;top&#8221; icon_placement_last_edited=&#8221;on|phone&#8221; _builder_version=&#8221;4.18.0&#8243; _module_preset=&#8221;default&#8221; header_level=&#8221;h3&#8243; header_font=&#8221;Merriweather||||||||&#8221; header_font_size=&#8221;28px&#8221; body_font=&#8221;Loto Regular||||||||&#8221; dsm_modules_readmore=&#8221;on&#8221; global_colors_info=&#8221;{}&#8221; image__hover_enabled=&#8221;off|desktop&#8221;]<\/p>\n<p><span class=\"fontstyle0\">La catedral es quiz\u00e1 el edificio m\u00e1s impresionante de la plaza central. El edificio original, construido en madera, se incendi\u00f3 en 1956. La iglesia tambi\u00e9n desempe\u00f1\u00f3 un papel esencial en la guerra civil, cuando los manifestantes antigubernamentales tomaron la catedral en varias ocasiones. Tr\u00e1gicamente, 24 personas murieron en la escalinata de la catedral en 1979. Cuando un a\u00f1o despu\u00e9s, la tragedia volvi\u00f3 a golpear. Mientras se celebraban los funerales del arzobispo y defensor de los derechos humanos monse\u00f1or \u00d3scar Romero, las fuerzas de seguridad abrieron fuego y mataron a otras 44 personas. El pulgar del difunto arzobispo se encuentra en el s\u00f3tano de la catedral y puede visitarse durante las horas de apertura.<\/span><\/p>\n<p>[\/et_pb_blurb][\/et_pb_column][\/et_pb_row][et_pb_row column_structure=&#8221;2_5,3_5&#8243; module_id=&#8221;thing_do_7&#8243; _builder_version=&#8221;4.19.5&#8243; _module_preset=&#8221;b97313bd-5b9d-43ad-bbe6-2cc566bda503&#8243; global_colors_info=&#8221;{}&#8221;][et_pb_column type=&#8221;2_5&#8243; _builder_version=&#8221;4.18.0&#8243; _module_preset=&#8221;default&#8221; background_color=&#8221;#FFFFFF&#8221; custom_padding=&#8221;110px|60px|110px|40px|true|false&#8221; custom_padding_tablet=&#8221;60px||60px||true|false&#8221; custom_padding_phone=&#8221;40px|20px|40px|20px|true|true&#8221; custom_padding_last_edited=&#8221;on|phone&#8221; box_shadow_style=&#8221;preset2&#8243; box_shadow_horizontal=&#8221;-6px&#8221; box_shadow_color=&#8221;rgba(0,0,0,0.1)&#8221; global_colors_info=&#8221;{}&#8221;][et_pb_blurb title=&#8221;Sal de fiesta toda la noche en la Zona Rosa&#8221; use_icon=&#8221;on&#8221; font_icon=&#8221;&#xf3c5;||fa||900&#8243; icon_color=&#8221;#FF6B59&#8243; icon_placement=&#8221;left&#8221; content_max_width=&#8221;100%&#8221; image_tablet=&#8221;https:\/\/unique-universe.blog\/wp-content\/uploads\/2022\/06\/Compass-Logo.svg&#8221; image_phone=&#8221;&#8221; image_last_edited=&#8221;on|phone&#8221; icon_placement_tablet=&#8221;left&#8221; icon_placement_phone=&#8221;top&#8221; icon_placement_last_edited=&#8221;on|phone&#8221; _builder_version=&#8221;4.18.0&#8243; _module_preset=&#8221;default&#8221; header_level=&#8221;h3&#8243; header_font=&#8221;Merriweather||||||||&#8221; header_font_size=&#8221;28px&#8221; body_font=&#8221;Loto Regular||||||||&#8221; dsm_modules_readmore=&#8221;on&#8221; global_colors_info=&#8221;{}&#8221; image__hover_enabled=&#8221;off|desktop&#8221;]<\/p>\n<p><span class=\"fontstyle0\">Ninguna capital latinoamericana est\u00e1 completa sin su Zona Rosa. Esta parte elegante y acomodada de la ciudad contrasta con el Centro hist\u00f3rico de San Salvador. Caf\u00e9s de moda, animados locales nocturnos y muchos restaurantes de lujo conforman la Zona Rosa.<\/span><\/p>\n<p>[\/et_pb_blurb][\/et_pb_column][et_pb_column type=&#8221;3_5&#8243; _builder_version=&#8221;4.17.4&#8243; _module_preset=&#8221;default&#8221; global_colors_info=&#8221;{}&#8221;][et_pb_image src=&#8221;https:\/\/unique-universe.blog\/wp-content\/uploads\/2022\/10\/San-Salvador-5.jpg&#8221; alt=&#8221;Le\u00f3n, Nicaragua: Parque Central&#8221; title_text=&#8221;San Salvador-5&#8243; _builder_version=&#8221;4.18.0&#8243; _module_preset=&#8221;default&#8221; width=&#8221;90%&#8221; module_alignment=&#8221;center&#8221; global_colors_info=&#8221;{}&#8221;][\/et_pb_image][\/et_pb_column][\/et_pb_row][et_pb_row column_structure=&#8221;3_5,2_5&#8243; use_custom_gutter=&#8221;on&#8221; gutter_width=&#8221;1&#8243; make_equal=&#8221;on&#8221; module_id=&#8221;thing_do_7&#8243; _builder_version=&#8221;4.18.0&#8243; _module_preset=&#8221;default&#8221; custom_css_main_element=&#8221;align-items: center;&#8221; global_colors_info=&#8221;{}&#8221;][et_pb_column type=&#8221;3_5&#8243; _builder_version=&#8221;4.17.4&#8243; _module_preset=&#8221;default&#8221; global_colors_info=&#8221;{}&#8221;][et_pb_image src=&#8221;https:\/\/unique-universe.blog\/wp-content\/uploads\/2018\/07\/San-Salvador_El-Salvador-20.jpg&#8221; alt=&#8221;Le\u00f3n, Nicaragua: Cerro Negro&#8221; title_text=&#8221;San Salvador_El Salvador-20&#8243; _builder_version=&#8221;4.18.0&#8243; _module_preset=&#8221;default&#8221; width=&#8221;90%&#8221; module_alignment=&#8221;center&#8221; global_colors_info=&#8221;{}&#8221;][\/et_pb_image][\/et_pb_column][et_pb_column type=&#8221;2_5&#8243; _builder_version=&#8221;4.18.0&#8243; _module_preset=&#8221;default&#8221; background_color=&#8221;#FFFFFF&#8221; custom_padding=&#8221;110px|60px|110px|40px|true|false&#8221; custom_padding_tablet=&#8221;60px||60px||true|false&#8221; custom_padding_phone=&#8221;40px|20px|40px|20px|true|true&#8221; custom_padding_last_edited=&#8221;on|phone&#8221; box_shadow_style=&#8221;preset2&#8243; box_shadow_horizontal=&#8221;-6px&#8221; box_shadow_color=&#8221;rgba(0,0,0,0.1)&#8221; global_colors_info=&#8221;{}&#8221;][et_pb_blurb title=&#8221;Senderismo Parque Nacional El Boquer\u00f3n&#8221; use_icon=&#8221;on&#8221; font_icon=&#8221;&#xf3c5;||fa||900&#8243; icon_color=&#8221;#FF6B59&#8243; icon_placement=&#8221;left&#8221; content_max_width=&#8221;100%&#8221; image_tablet=&#8221;https:\/\/unique-universe.blog\/wp-content\/uploads\/2022\/06\/Compass-Logo.svg&#8221; image_phone=&#8221;&#8221; image_last_edited=&#8221;on|phone&#8221; icon_placement_tablet=&#8221;left&#8221; icon_placement_phone=&#8221;top&#8221; icon_placement_last_edited=&#8221;on|phone&#8221; _builder_version=&#8221;4.18.0&#8243; _module_preset=&#8221;default&#8221; header_level=&#8221;h3&#8243; header_font=&#8221;Merriweather||||||||&#8221; header_font_size=&#8221;28px&#8221; body_font=&#8221;Loto Regular||||||||&#8221; dsm_modules_readmore=&#8221;on&#8221; global_colors_info=&#8221;{}&#8221; image__hover_enabled=&#8221;off|desktop&#8221;]<\/p>\n<p><span class=\"fontstyle0\">Conocida como la &#8220;boca grande&#8221; por su cr\u00e1ter de paredes escarpadas, llegamos a El Boquer\u00f3n en 30 minutos en coche desde San Salvador. El parque nacional est\u00e1 formado por dos importantes picos que componen el Volc\u00e1n de San Salvador. Tambi\u00e9n recibe el nombre de Quezaltepe. Hay varias excursiones que puedes hacer dentro del parque nacional. Algunas de ellas conducen a miradores con vistas sobre San Salvador. Es posible caminar alrededor del cr\u00e1ter. Con un gu\u00eda, puedes  <\/span><span class=\"fontstyle0\">Desaf\u00edate a ti mismo descendiendo por las paredes del cr\u00e1ter. Encontrar\u00e1s algunos restaurantes (caros) pero deliciosos en el camino hacia el parque. Es el lugar perfecto para pasar una velada relajada entre la gente de moda de San Salvador. Las vistas nocturnas de la ciudad son impresionantes. Nos encant\u00f3 &#8220;<\/span><span class=\"fontstyle0\">Pupuseria Loka<\/span><span class=\"fontstyle0\">.&#8221; \u00a1Las pupusas de Llorc con queso son nuestras favoritas!<\/span><\/p>\n<p>[\/et_pb_blurb][\/et_pb_column][\/et_pb_row][et_pb_row column_structure=&#8221;2_5,3_5&#8243; module_id=&#8221;thing_do_7&#8243; _builder_version=&#8221;4.19.5&#8243; _module_preset=&#8221;b97313bd-5b9d-43ad-bbe6-2cc566bda503&#8243; global_colors_info=&#8221;{}&#8221;][et_pb_column type=&#8221;2_5&#8243; _builder_version=&#8221;4.18.0&#8243; _module_preset=&#8221;default&#8221; background_color=&#8221;#FFFFFF&#8221; custom_padding=&#8221;110px|60px|110px|40px|true|false&#8221; custom_padding_tablet=&#8221;60px||60px||true|false&#8221; custom_padding_phone=&#8221;40px|20px|40px|20px|true|true&#8221; custom_padding_last_edited=&#8221;on|phone&#8221; box_shadow_style=&#8221;preset2&#8243; box_shadow_horizontal=&#8221;-6px&#8221; box_shadow_color=&#8221;rgba(0,0,0,0.1)&#8221; global_colors_info=&#8221;{}&#8221;][et_pb_blurb title=&#8221;Vive la vida del surfista en Costa de Balsamico&#8221; use_icon=&#8221;on&#8221; font_icon=&#8221;&#xf3c5;||fa||900&#8243; icon_color=&#8221;#FF6B59&#8243; icon_placement=&#8221;left&#8221; content_max_width=&#8221;100%&#8221; image_tablet=&#8221;https:\/\/unique-universe.blog\/wp-content\/uploads\/2022\/06\/Compass-Logo.svg&#8221; image_phone=&#8221;&#8221; image_last_edited=&#8221;on|phone&#8221; icon_placement_tablet=&#8221;left&#8221; icon_placement_phone=&#8221;top&#8221; icon_placement_last_edited=&#8221;on|phone&#8221; _builder_version=&#8221;4.21.2&#8243; _module_preset=&#8221;default&#8221; header_level=&#8221;h3&#8243; header_font=&#8221;Merriweather||||||||&#8221; header_font_size=&#8221;28px&#8221; body_font=&#8221;Loto Regular||||||||&#8221; hover_enabled=&#8221;0&#8243; dsm_modules_readmore=&#8221;on&#8221; global_colors_info=&#8221;{}&#8221; image__hover_enabled=&#8221;off|desktop&#8221; sticky_enabled=&#8221;0&#8243;]<\/p>\n<p><span class=\"fontstyle0\">Vive la vida surfista de<a href=\"https:\/\/unique-universe.blog\/es\/america-central\/el-salvador-es\/\" target=\"_blank\" rel=\"noopener\"> El Salvador<\/a> en La Costa de Balsamico. Los distintos lugares se encuentran a 2 horas de la ciudad. Las dos playas de arena negra ofrecen fant\u00e1sticas oportunidades para hacer surf y una animada vida nocturna los fines de semana.<\/span><\/p>\n<p>[\/et_pb_blurb][\/et_pb_column][et_pb_column type=&#8221;3_5&#8243; _builder_version=&#8221;4.17.4&#8243; _module_preset=&#8221;default&#8221; global_colors_info=&#8221;{}&#8221;][et_pb_image src=&#8221;https:\/\/unique-universe.blog\/wp-content\/uploads\/2022\/10\/San-Salvador-4.jpg&#8221; title_text=&#8221;San Salvador-4&#8243; _builder_version=&#8221;4.18.0&#8243; _module_preset=&#8221;default&#8221; width=&#8221;90%&#8221; module_alignment=&#8221;center&#8221; global_colors_info=&#8221;{}&#8221;][\/et_pb_image][\/et_pb_column][\/et_pb_row][et_pb_row _builder_version=&#8221;4.18.0&#8243; _module_preset=&#8221;default&#8221; global_colors_info=&#8221;{}&#8221;][et_pb_column type=&#8221;4_4&#8243; _builder_version=&#8221;4.18.0&#8243; _module_preset=&#8221;default&#8221; global_colors_info=&#8221;{}&#8221;][et_pb_text admin_label=&#8221;Title &#038; Paragraph&#8221; _builder_version=&#8221;4.21.2&#8243; text_font=&#8221;Noto Sans||||||||&#8221; text_font_size=&#8221;17px&#8221; text_line_height=&#8221;1.9em&#8221; link_font=&#8221;||||||||&#8221; ul_font=&#8221;||||||||&#8221; ol_font=&#8221;||||||||&#8221; quote_font=&#8221;||||||||&#8221; header_font=&#8221;||||||||&#8221; header_text_align=&#8221;center&#8221; header_2_font=&#8221;Merriweather|700|||||||&#8221; header_2_text_align=&#8221;center&#8221; header_2_line_height=&#8221;1.5em&#8221; header_3_font=&#8221;||||||||&#8221; module_alignment=&#8221;right&#8221; hover_enabled=&#8221;0&#8243; header_2_font_size_phone=&#8221;34px&#8221; locked=&#8221;off&#8221; global_colors_info=&#8221;{}&#8221; sticky_enabled=&#8221;0&#8243;]<\/p>\n<h2>Nuestras playas favoritas alrededor de San Salvador<\/h2>\n<p>[\/et_pb_text][\/et_pb_column][\/et_pb_row][et_pb_row column_structure=&#8221;1_2,1_2&#8243; _builder_version=&#8221;4.18.0&#8243; custom_padding=&#8221;||||false|false&#8221; global_colors_info=&#8221;{}&#8221;][et_pb_column type=&#8221;1_2&#8243; _builder_version=&#8221;4.16&#8243; custom_padding=&#8221;|||&#8221; global_colors_info=&#8221;{}&#8221; custom_padding__hover=&#8221;|||&#8221;][et_pb_image src=&#8221;https:\/\/unique-universe.blog\/wp-content\/uploads\/2022\/10\/San-Salvador-2.jpg&#8221; title_text=&#8221;San Salvador-2&#8243; force_fullwidth=&#8221;on&#8221; align_tablet=&#8221;center&#8221; align_phone=&#8221;center&#8221; align_last_edited=&#8221;on|desktop&#8221; _builder_version=&#8221;4.18.0&#8243; animation_style=&#8221;zoom&#8221; animation_delay=&#8221;100ms&#8221; animation_intensity_zoom=&#8221;6%&#8221; box_shadow_style=&#8221;preset1&#8243; box_shadow_vertical=&#8221;52px&#8221; box_shadow_blur=&#8221;80px&#8221; box_shadow_color=&#8221;rgba(0,36,73,0.07)&#8221; locked=&#8221;off&#8221; global_colors_info=&#8221;{}&#8221;][\/et_pb_image][et_pb_text _builder_version=&#8221;4.18.0&#8243; text_font=&#8221;Loto Regular||||||||&#8221; link_font=&#8221;||||||||&#8221; ul_font=&#8221;||||||||&#8221; ol_font=&#8221;||||||||&#8221; quote_font=&#8221;||||||||&#8221; header_font=&#8221;||||||||&#8221; header_text_align=&#8221;center&#8221; header_2_font=&#8221;Merriweather|700|||||||&#8221; header_2_line_height=&#8221;1.5em&#8221; header_3_font=&#8221;||||||||&#8221; max_width=&#8221;800px&#8221; module_alignment=&#8221;center&#8221; header_2_font_size_phone=&#8221;34px&#8221; locked=&#8221;off&#8221; global_colors_info=&#8221;{}&#8221;]<\/p>\n<h2>El Tunco<\/h2>\n<p><span class=\"fontstyle0\">Aunque ten\u00edamos muchas ganas de visitar la conocida playa de El Tunco, casi no pudimos salir de San Salvador. T\u00f3malo como una muestra de lo realmente fascinante que es la ciudad. Sin embargo, \u00a1lo conseguimos al menos para un fin de semana largo! Deja que te lo contemos: El Tunco est\u00e1 de fiesta los fines de semana, pero es muy relajado entre semana.<\/span><span class=\"fontstyle0\"><\/span><\/p>\n<p>[\/et_pb_text][et_pb_text _builder_version=&#8221;4.18.0&#8243; text_font=&#8221;Noto Sans||||||||&#8221; text_font_size=&#8221;17px&#8221; text_line_height=&#8221;2em&#8221; link_font=&#8221;||||on|||#FF6B59|&#8221; link_text_color=&#8221;#000000&#8243; header_font=&#8221;||||||||&#8221; header_4_font=&#8221;|700|||||||&#8221; module_alignment=&#8221;right&#8221; inline_fonts=&#8221;Noto Serif&#8221; global_colors_info=&#8221;{}&#8221;]<\/p>\n<h4><span style=\"font-size: 36px; color: #ff6b5a; font-family: 'Noto Serif';\"><\/span><\/h4>\n<h4>Los <span style=\"font-size: 36px; color: #ff6b5a; font-family: 'Noto Serif';\">mejores<\/span>lugares para alojarse en El Tunco<\/h4>\n<ul>\n<li style=\"list-style-type: none;\">\n<ul>\n<li>\n<div data-testid=\"title\" class=\"fcab3ed991 a23c043802\">Konchamar<\/div>\n<\/li>\n<li>\n<div data-testid=\"title\" class=\"fcab3ed991 a23c043802\">Layback Surf Hotel<\/div>\n<\/li>\n<li>Mandala Eco Villas<\/li>\n<\/ul>\n<\/li>\n<\/ul>\n<p>[\/et_pb_text][\/et_pb_column][et_pb_column type=&#8221;1_2&#8243; _builder_version=&#8221;4.16&#8243; custom_padding=&#8221;|||&#8221; global_colors_info=&#8221;{}&#8221; custom_padding__hover=&#8221;|||&#8221;][et_pb_image src=&#8221;https:\/\/unique-universe.blog\/wp-content\/uploads\/2022\/10\/San-Salvador-3.jpg&#8221; title_text=&#8221;San Salvador-3&#8243; force_fullwidth=&#8221;on&#8221; align_tablet=&#8221;center&#8221; align_phone=&#8221;center&#8221; align_last_edited=&#8221;on|desktop&#8221; _builder_version=&#8221;4.18.0&#8243; animation_style=&#8221;zoom&#8221; animation_delay=&#8221;175ms&#8221; animation_intensity_zoom=&#8221;6%&#8221; locked=&#8221;off&#8221; global_colors_info=&#8221;{}&#8221;][\/et_pb_image][et_pb_text _builder_version=&#8221;4.18.0&#8243; text_font=&#8221;Loto Regular||||||||&#8221; link_font=&#8221;||||||||&#8221; ul_font=&#8221;||||||||&#8221; ol_font=&#8221;||||||||&#8221; quote_font=&#8221;||||||||&#8221; header_font=&#8221;||||||||&#8221; header_text_align=&#8221;center&#8221; header_2_font=&#8221;Merriweather|700|||||||&#8221; header_2_line_height=&#8221;1.5em&#8221; header_3_font=&#8221;||||||||&#8221; max_width=&#8221;800px&#8221; module_alignment=&#8221;center&#8221; header_2_font_size_phone=&#8221;34px&#8221; locked=&#8221;off&#8221; global_colors_info=&#8221;{}&#8221;]<\/p>\n<h2>Playa El Zonte<\/h2>\n<p><span class=\"fontstyle0\">Playa El Zonte, en cambio, es supuestamente mucho m\u00e1s tranquila. Las olas lo convierten en el lugar perfecto para aprender a hacer surf.<\/span><\/p>\n<p>[\/et_pb_text][et_pb_text _builder_version=&#8221;4.18.0&#8243; text_font=&#8221;Noto Sans||||||||&#8221; text_font_size=&#8221;17px&#8221; text_line_height=&#8221;2em&#8221; link_font=&#8221;||||on|||#FF6B59|&#8221; link_text_color=&#8221;#000000&#8243; header_font=&#8221;||||||||&#8221; header_4_font=&#8221;|700|||||||&#8221; module_alignment=&#8221;right&#8221; inline_fonts=&#8221;Noto Serif&#8221; global_colors_info=&#8221;{}&#8221;]<\/p>\n<h4><span style=\"font-size: 36px; color: #ff6b5a; font-family: 'Noto Serif';\">Mejor<\/span>lugar para alojarse en los alrededores de El Zonte<\/h4>\n<ul>\n<li style=\"list-style-type: none;\">\n<ul>\n<li>Plantaci\u00f3n Hamaca<\/li>\n<\/ul>\n<\/li>\n<\/ul>\n<p>[\/et_pb_text][\/et_pb_column][\/et_pb_row][et_pb_row column_structure=&#8221;3_5,2_5&#8243; use_custom_gutter=&#8221;on&#8221; gutter_width=&#8221;1&#8243; make_equal=&#8221;on&#8221; module_id=&#8221;thing_do_7&#8243; _builder_version=&#8221;4.18.0&#8243; _module_preset=&#8221;default&#8221; custom_css_main_element=&#8221;align-items: center;&#8221; global_colors_info=&#8221;{}&#8221;][et_pb_column type=&#8221;3_5&#8243; _builder_version=&#8221;4.17.4&#8243; _module_preset=&#8221;default&#8221; global_colors_info=&#8221;{}&#8221;][et_pb_image src=&#8221;https:\/\/unique-universe.blog\/wp-content\/uploads\/2022\/09\/Beach-Nicaragua-4.jpg&#8221; title_text=&#8221;Playa-Nicaragua-4&#8243; _builder_version=&#8221;4.18.0&#8243; _module_preset=&#8221;default&#8221; width=&#8221;90%&#8221; module_alignment=&#8221;center&#8221; global_colors_info=&#8221;{}&#8221;][\/et_pb_image][\/et_pb_column][et_pb_column type=&#8221;2_5&#8243; _builder_version=&#8221;4.18.0&#8243; _module_preset=&#8221;default&#8221; background_color=&#8221;#FFFFFF&#8221; custom_padding=&#8221;110px|60px|110px|40px|true|false&#8221; custom_padding_tablet=&#8221;60px||60px||true|false&#8221; custom_padding_phone=&#8221;40px|20px|40px|20px|true|true&#8221; custom_padding_last_edited=&#8221;on|phone&#8221; box_shadow_style=&#8221;preset2&#8243; box_shadow_horizontal=&#8221;-6px&#8221; box_shadow_color=&#8221;rgba(0,0,0,0.1)&#8221; global_colors_info=&#8221;{}&#8221;][et_pb_blurb title=&#8221;Santa Tecla &#8211; el lugar para pasar el fin de semana&#8221; use_icon=&#8221;on&#8221; font_icon=&#8221;&#xf3c5;||fa||900&#8243; icon_color=&#8221;#FF6B59&#8243; icon_placement=&#8221;left&#8221; content_max_width=&#8221;100%&#8221; image_tablet=&#8221;https:\/\/unique-universe.blog\/wp-content\/uploads\/2022\/06\/Compass-Logo.svg&#8221; image_phone=&#8221;&#8221; image_last_edited=&#8221;on|phone&#8221; icon_placement_tablet=&#8221;left&#8221; icon_placement_phone=&#8221;top&#8221; icon_placement_last_edited=&#8221;on|phone&#8221; _builder_version=&#8221;4.18.0&#8243; _module_preset=&#8221;default&#8221; header_level=&#8221;h3&#8243; header_font=&#8221;Merriweather||||||||&#8221; header_font_size=&#8221;28px&#8221; body_font=&#8221;Loto Regular||||||||&#8221; dsm_modules_readmore=&#8221;on&#8221; global_colors_info=&#8221;{}&#8221; image__hover_enabled=&#8221;off|desktop&#8221;]<\/p>\n<p><span class=\"fontstyle0\">Debido al complicado pasado de San Salvador, muchos lugare\u00f1os ten\u00edan miedo de salir y disfrutar de su ciudad. &#8220;Nueva San Salvador&#8221; surgi\u00f3 a 15 km de San Salvador. Santa Tecla, una franja s\u00f3lo peatonal, se convierte en un animado mercado de fin de semana. Por la noche, los bares y discotecas est\u00e1n abiertos para entretener a los visitantes de Santa Tecla.<\/span><\/p>\n<p>[\/et_pb_blurb][\/et_pb_column][\/et_pb_row][\/et_pb_section][et_pb_section fb_built=&#8221;1&#8243; disabled_on=&#8221;off|off|off&#8221; _builder_version=&#8221;4.18.0&#8243; border_color_all=&#8221;#FF6B59&#8243; border_style_all=&#8221;dotted&#8221; border_width_top=&#8221;14px&#8221; global_colors_info=&#8221;{}&#8221;][et_pb_row column_structure=&#8221;1_2,1_2&#8243; module_id=&#8221;good_knowing&#8221; _builder_version=&#8221;4.18.0&#8243; global_colors_info=&#8221;{}&#8221;][et_pb_column type=&#8221;1_2&#8243; _builder_version=&#8221;4.16&#8243; custom_padding=&#8221;|||&#8221; global_colors_info=&#8221;{}&#8221; custom_padding__hover=&#8221;|||&#8221;][dsm_typing_effect typing_effect=&#8221;Prep\u00e1rate para viajar a El Salvador&#8221; typing_backspeed=&#8221;1ms&#8221; typing_backdelay=&#8221;20000ms&#8221; typing_fadeout=&#8221;on&#8221; typing_shuffle=&#8221;on&#8221; typing_cursor_color=&#8221;#D36135&#8243; _builder_version=&#8221;4.18.0&#8243; _module_preset=&#8221;default&#8221; header_font=&#8221;Merriweather||||||||&#8221; typing_font=&#8221;Merriweather||||||||&#8221; typing_text_align=&#8221;center&#8221; typing_font_size=&#8221;55px&#8221; typing_line_height=&#8221;1.4em&#8221; global_colors_info=&#8221;{}&#8221;][\/dsm_typing_effect][et_pb_toggle title=&#8221;C\u00f3mo llegar a San Salvador en autob\u00fas&#8221; open_toggle_text_color=&#8221;#000000&#8243; open_toggle_background_color=&#8221;#FFFFFF&#8221; closed_toggle_background_color=&#8221;RGBA(255,255,255,0)&#8221; icon_color=&#8221;#FF6B59&#8243; toggle_icon=&#8221;&#x50;||divi||400&#8243; use_icon_font_size=&#8221;on&#8221; icon_font_size=&#8221;24px&#8221; open_icon_color=&#8221;#D36135&#8243; open_toggle_icon=&#8221;&#xe050;||divi||400&#8243; open_use_icon_font_size=&#8221;on&#8221; open_icon_font_size=&#8221;25px&#8221; icon_font_size_tablet=&#8221;24px&#8221; icon_font_size_phone=&#8221;24px&#8221; icon_font_size_last_edited=&#8221;on|phone&#8221; _builder_version=&#8221;4.19.4&#8243; _module_preset=&#8221;default&#8221; title_text_color=&#8221;#000000&#8243; title_level=&#8221;h3&#8243; title_font=&#8221;Merriweather|700|||||||&#8221; title_text_align=&#8221;left&#8221; title_font_size=&#8221;23px&#8221; title_line_height=&#8221;1.2em&#8221; closed_title_font=&#8221;Merriweather||||||||&#8221; body_font=&#8221;Loto Regular||||||||&#8221; body_link_text_color=&#8221;#D36135&#8243; custom_margin=&#8221;||20px||false|false&#8221; custom_padding=&#8221;0px|0px|20px|0px|false|false&#8221; border_width_all=&#8221;0px&#8221; border_color_all=&#8221;#FF6B59&#8243; border_width_bottom=&#8221;1px&#8221; global_colors_info=&#8221;{}&#8221;]<\/p>\n<p class=\"p1\"><span class=\"fontstyle0\">Seg\u00fan de d\u00f3nde vengas, llegar\u00e1s a:<br \/><\/span><strong><br \/>\n  <span class=\"fontstyle2\">Terminal de Occidente:<br \/><\/span><br \/>\n<\/strong><span class=\"fontstyle0\">La terminal de autobuses de San Salvador gestiona todas las llegadas y salidas de El Salvador Occidental, por ejemplo <\/span><span class=\"fontstyle0\">Santa Ana <\/span><span class=\"fontstyle0\">(autob\u00fas 201, 1,35 $, 1,5 horas), <\/span><span class=\"fontstyle0\">Ruta de las Flores\/ <\/span><span class=\"fontstyle0\">Ahuachapan (autob\u00fas 202, 1,5 $, 2,5 horas), o La Libertad (autob\u00fas 102, 0,60 $, 1 hora).<br \/><\/span><strong><br \/>\n  <span class=\"fontstyle2\">Terminal de Oriente:<br \/><\/span><br \/>\n<\/strong><span class=\"fontstyle0\">La terminal de autobuses que se encarga de El Salvador Oriental, por ejemplo, San Miguel (autob\u00fas 301,4 $, unas 3-4 horas<br \/>), <\/span> <span class=\"fontstyle0\">Suchitoto <\/span><span class=\"fontstyle0\">(Autob\u00fas 129, 0,70 $, 2 horas), <\/span><span class=\"fontstyle0\">La Uni\u00f3n <\/span><span class=\"fontstyle0\">(autobuses 304&amp;446, 3,50 $, 4 horas)<br \/><\/span><strong><br \/>\n  <span class=\"fontstyle2\">Terminal del Sur:<br \/><\/span><br \/>\n<\/strong><span class=\"fontstyle0\">Esta terminal de autobuses da servicio a todos los destinos del Sur, incluida la Costa del Sol (autob\u00fas 495, 1,25 $, 25 horas) y Puerto el Triunfo (autob\u00fas 185, 1,60 $, 2 horas).<\/span><\/p>\n<p>[\/et_pb_toggle][et_pb_toggle title=&#8221;Transporte p\u00fablico en San Salvador&#8221; open_toggle_text_color=&#8221;#000000&#8243; open_toggle_background_color=&#8221;#FFFFFF&#8221; closed_toggle_background_color=&#8221;RGBA(255,255,255,0)&#8221; icon_color=&#8221;#FF6B59&#8243; toggle_icon=&#8221;&#x50;||divi||400&#8243; use_icon_font_size=&#8221;on&#8221; icon_font_size=&#8221;24px&#8221; open_icon_color=&#8221;#D36135&#8243; open_toggle_icon=&#8221;&#xe050;||divi||400&#8243; open_use_icon_font_size=&#8221;on&#8221; open_icon_font_size=&#8221;25px&#8221; icon_font_size_tablet=&#8221;24px&#8221; icon_font_size_phone=&#8221;24px&#8221; icon_font_size_last_edited=&#8221;on|phone&#8221; _builder_version=&#8221;4.19.4&#8243; _module_preset=&#8221;default&#8221; title_text_color=&#8221;#000000&#8243; title_level=&#8221;h3&#8243; title_font=&#8221;Merriweather|700|||||||&#8221; title_text_align=&#8221;left&#8221; title_font_size=&#8221;23px&#8221; title_line_height=&#8221;1.2em&#8221; closed_title_font=&#8221;Merriweather||||||||&#8221; body_font=&#8221;Loto Regular||||||||&#8221; body_link_text_color=&#8221;#D36135&#8243; custom_margin=&#8221;||20px||false|false&#8221; custom_padding=&#8221;0px|0px|20px|0px|false|false&#8221; border_width_all=&#8221;0px&#8221; border_color_all=&#8221;#FF6B59&#8243; border_width_bottom=&#8221;1px&#8221; global_colors_info=&#8221;{}&#8221;]<\/p>\n<p class=\"p1\"><span class=\"fontstyle0\">Puedes explorar f\u00e1cilmente la ciudad y sus alrededores en autob\u00fas. Por desgracia, a veces los autobuses pueden tomar una ruta ligeramente diferente en funci\u00f3n del tr\u00e1fico. Pero, no te preocupes, muchos El<br \/>Los salvadore\u00f1os han vivido o tenido familia en EEUU, por lo que es f\u00e1cil encontrar a alguien que hable ingl\u00e9s y te ayude.<br \/><\/span><\/p>\n<p>[\/et_pb_toggle][et_pb_toggle title=&#8221;D\u00f3nde dormir en San Salvador&#8221; open_toggle_text_color=&#8221;#000000&#8243; open_toggle_background_color=&#8221;#FFFFFF&#8221; closed_toggle_background_color=&#8221;RGBA(255,255,255,0)&#8221; icon_color=&#8221;#FF6B59&#8243; toggle_icon=&#8221;&#x50;||divi||400&#8243; use_icon_font_size=&#8221;on&#8221; icon_font_size=&#8221;24px&#8221; open_icon_color=&#8221;#D36135&#8243; open_toggle_icon=&#8221;&#xe050;||divi||400&#8243; open_use_icon_font_size=&#8221;on&#8221; open_icon_font_size=&#8221;25px&#8221; icon_font_size_tablet=&#8221;24px&#8221; icon_font_size_phone=&#8221;24px&#8221; icon_font_size_last_edited=&#8221;on|phone&#8221; _builder_version=&#8221;4.19.4&#8243; _module_preset=&#8221;default&#8221; title_text_color=&#8221;#000000&#8243; title_level=&#8221;h3&#8243; title_font=&#8221;Merriweather|700|||||||&#8221; title_text_align=&#8221;left&#8221; title_font_size=&#8221;23px&#8221; title_line_height=&#8221;1.2em&#8221; closed_title_font=&#8221;Merriweather||||||||&#8221; body_font=&#8221;Loto Regular||||||||&#8221; body_link_text_color=&#8221;#D36135&#8243; custom_margin=&#8221;||20px||false|false&#8221; custom_padding=&#8221;0px|0px|20px|0px|false|false&#8221; border_width_all=&#8221;0px&#8221; border_color_all=&#8221;#FF6B59&#8243; border_width_bottom=&#8221;1px&#8221; global_colors_info=&#8221;{}&#8221;]<\/p>\n<p class=\"p1\"><span class=\"fontstyle0\">La Zona Rosa y la Colonia Escal\u00f3n son dos de los mejores barrios para alojarse. Naturalmente, los precios son un poco m\u00e1s altos. Tambi\u00e9n puedes consultar Antiguo Cuscatl\u00e1n. La comunidad joven cercana a la universidad es mucho m\u00e1s asequible.<br \/><\/span><\/p>\n<p>[\/et_pb_toggle][et_pb_toggle title=&#8221;Mejor momento para viajar a San Salvador&#8221; open_toggle_text_color=&#8221;#000000&#8243; open_toggle_background_color=&#8221;#FFFFFF&#8221; closed_toggle_background_color=&#8221;RGBA(255,255,255,0)&#8221; icon_color=&#8221;#FF6B59&#8243; toggle_icon=&#8221;&#x50;||divi||400&#8243; use_icon_font_size=&#8221;on&#8221; icon_font_size=&#8221;24px&#8221; open_icon_color=&#8221;#D36135&#8243; open_toggle_icon=&#8221;&#xe050;||divi||400&#8243; open_use_icon_font_size=&#8221;on&#8221; open_icon_font_size=&#8221;25px&#8221; icon_font_size_tablet=&#8221;24px&#8221; icon_font_size_phone=&#8221;24px&#8221; icon_font_size_last_edited=&#8221;on|phone&#8221; _builder_version=&#8221;4.19.4&#8243; _module_preset=&#8221;default&#8221; title_text_color=&#8221;#000000&#8243; title_level=&#8221;h3&#8243; title_font=&#8221;Merriweather|700|||||||&#8221; title_text_align=&#8221;left&#8221; title_font_size=&#8221;23px&#8221; title_line_height=&#8221;1.2em&#8221; closed_title_font=&#8221;Merriweather||||||||&#8221; body_font=&#8221;Loto Regular||||||||&#8221; body_link_text_color=&#8221;#D36135&#8243; custom_margin=&#8221;||20px||false|false&#8221; custom_padding=&#8221;0px|0px|20px|0px|false|false&#8221; border_width_all=&#8221;0px&#8221; border_color_all=&#8221;#FF6B59&#8243; border_width_bottom=&#8221;1px&#8221; global_colors_info=&#8221;{}&#8221;]<\/p>\n<p class=\"p1\"><span class=\"fontstyle0\">Nuestros amigos nos recomiendan volver en agosto para las &#8220;Fiestas Agostinas&#8221; en San Salvador y &#8220;Las Bolas de Fuego&#8221; en la cercana Nejapa. Las &#8220;Fiestas de Agostinas&#8221; celebran la patrona de San Salvador con desfiles y fuegos artificiales. &#8220;Las Bolas de Fuego&#8221; es un espect\u00e1culo que sigue una antigua tradici\u00f3n de lanzarse bolas de fuego.<br \/><\/span><\/p>\n<p>[\/et_pb_toggle][et_pb_toggle title=&#8221;Seguridad en San Salvador&#8221; open_toggle_text_color=&#8221;#000000&#8243; open_toggle_background_color=&#8221;#FFFFFF&#8221; closed_toggle_background_color=&#8221;RGBA(255,255,255,0)&#8221; icon_color=&#8221;#FF6B59&#8243; toggle_icon=&#8221;&#x50;||divi||400&#8243; use_icon_font_size=&#8221;on&#8221; icon_font_size=&#8221;24px&#8221; open_icon_color=&#8221;#D36135&#8243; open_toggle_icon=&#8221;&#xe050;||divi||400&#8243; open_use_icon_font_size=&#8221;on&#8221; open_icon_font_size=&#8221;25px&#8221; icon_font_size_tablet=&#8221;24px&#8221; icon_font_size_phone=&#8221;24px&#8221; icon_font_size_last_edited=&#8221;on|phone&#8221; _builder_version=&#8221;4.19.4&#8243; _module_preset=&#8221;default&#8221; title_text_color=&#8221;#000000&#8243; title_level=&#8221;h3&#8243; title_font=&#8221;Merriweather|700|||||||&#8221; title_text_align=&#8221;left&#8221; title_font_size=&#8221;23px&#8221; title_line_height=&#8221;1.2em&#8221; closed_title_font=&#8221;Merriweather||||||||&#8221; body_font=&#8221;Loto Regular||||||||&#8221; body_link_text_color=&#8221;#D36135&#8243; custom_margin=&#8221;||20px||false|false&#8221; custom_padding=&#8221;0px|0px|20px|0px|false|false&#8221; border_width_all=&#8221;0px&#8221; border_color_all=&#8221;#FF6B59&#8243; border_width_bottom=&#8221;1px&#8221; global_colors_info=&#8221;{}&#8221;]<\/p>\n<p class=\"p1\"><span class=\"fontstyle0\">No se puede negar. San Salvador es una capital centroamericana, y hay que tomar ciertas precauciones. No exhibas tu gran c\u00e1mara y coge taxis por la noche. Sin embargo, San Salvador parec\u00eda mucho m\u00e1s seguro de lo que cabr\u00eda esperar. Nos sentimos c\u00f3modamente seguros y acogidos. Tienes que tener en cuenta que hasta hoy,  <\/span><span class=\"fontstyle0\">El Salvador <\/span><span class=\"fontstyle0\">se rige por el miedo y los recuerdos brutales. Por eso, muchos lugare\u00f1os extreman las precauciones y le desaconsejar\u00e1n muchas cosas. Como visitante, debes ser consciente de ello y saber que NO eres el objetivo.<\/span><\/p>\n<p>[\/et_pb_toggle][et_pb_toggle title=&#8221;La guerra civil de San Salvador &#8211; \u00bfQui\u00e9n era el arzobispo \u00d3scar Romero?&#8221; open_toggle_text_color=&#8221;#000000&#8243; open_toggle_background_color=&#8221;#FFFFFF&#8221; closed_toggle_background_color=&#8221;RGBA(255,255,255,0)&#8221; icon_color=&#8221;#FF6B59&#8243; toggle_icon=&#8221;&#x50;||divi||400&#8243; use_icon_font_size=&#8221;on&#8221; icon_font_size=&#8221;24px&#8221; open_icon_color=&#8221;#D36135&#8243; open_toggle_icon=&#8221;&#xe050;||divi||400&#8243; open_use_icon_font_size=&#8221;on&#8221; open_icon_font_size=&#8221;25px&#8221; icon_font_size_tablet=&#8221;24px&#8221; icon_font_size_phone=&#8221;24px&#8221; icon_font_size_last_edited=&#8221;on|phone&#8221; _builder_version=&#8221;4.19.4&#8243; _module_preset=&#8221;default&#8221; title_text_color=&#8221;#000000&#8243; title_level=&#8221;h3&#8243; title_font=&#8221;Merriweather|700|||||||&#8221; title_text_align=&#8221;left&#8221; title_font_size=&#8221;23px&#8221; title_line_height=&#8221;1.2em&#8221; closed_title_font=&#8221;Merriweather||||||||&#8221; body_font=&#8221;Loto Regular||||||||&#8221; body_link_text_color=&#8221;#D36135&#8243; custom_margin=&#8221;||20px||false|false&#8221; custom_padding=&#8221;0px|0px|20px|0px|false|false&#8221; border_width_all=&#8221;0px&#8221; border_color_all=&#8221;#FF6B59&#8243; border_width_bottom=&#8221;1px&#8221; global_colors_info=&#8221;{}&#8221;]<\/p>\n<p class=\"p1\"><span class=\"fontstyle0\">El pasado de El Salvador fue brutal y oscuro. Miles de personas fueron torturadas, desaparecidas o asesinadas durante la guerra civil. Sin embargo, \u00d3scar Romero permaneci\u00f3 junto a su pueblo y exigi\u00f3 justicia. El notable obispo detuvo la reconstrucci\u00f3n de la famosa Catedral Metropolitana para ayudar a los pobres en su lugar. En 1977, cuando se convirti\u00f3 en arzobispo, la polic\u00eda abati\u00f3 a 24 personas. Tr\u00e1gicamente, Romero fue asesinado s\u00f3lo tres a\u00f1os despu\u00e9s. Incluso en su funeral continuaron los asesinatos. Sin embargo, hoy en d\u00eda, \u00d3scar Romero es muy querido y recordado. Su vida y su recuerdo est\u00e1n involuntariamente ligados al oscuro pasado de San Salvador.<br \/><\/span><\/p>\n<p>[\/et_pb_toggle][et_pb_toggle title=&#8221;Agua del grifo&#8221; open_toggle_text_color=&#8221;#000000&#8243; open_toggle_background_color=&#8221;#FFFFFF&#8221; closed_toggle_background_color=&#8221;RGBA(255,255,255,0)&#8221; icon_color=&#8221;#FF6B59&#8243; toggle_icon=&#8221;&#x50;||divi||400&#8243; use_icon_font_size=&#8221;on&#8221; icon_font_size=&#8221;24px&#8221; open_icon_color=&#8221;#D36135&#8243; open_toggle_icon=&#8221;&#xe050;||divi||400&#8243; open_use_icon_font_size=&#8221;on&#8221; open_icon_font_size=&#8221;25px&#8221; icon_font_size_tablet=&#8221;24px&#8221; icon_font_size_phone=&#8221;24px&#8221; icon_font_size_last_edited=&#8221;on|phone&#8221; _builder_version=&#8221;4.19.4&#8243; _module_preset=&#8221;default&#8221; title_text_color=&#8221;#000000&#8243; title_level=&#8221;h3&#8243; title_font=&#8221;Merriweather|700|||||||&#8221; title_text_align=&#8221;left&#8221; title_font_size=&#8221;23px&#8221; title_line_height=&#8221;1.2em&#8221; closed_title_font=&#8221;Merriweather||||||||&#8221; body_font=&#8221;Loto Regular||||||||&#8221; body_link_text_color=&#8221;#D36135&#8243; custom_margin=&#8221;||20px||false|false&#8221; custom_padding=&#8221;0px|0px|20px|0px|false|false&#8221; border_width_all=&#8221;0px&#8221; border_color_all=&#8221;#FF6B59&#8243; border_width_bottom=&#8221;1px&#8221; global_colors_info=&#8221;{}&#8221;]<\/p>\n<p class=\"p1\"><span class=\"fontstyle0\">No bebas agua del grifo en El Salvador; \u00a1lleva tu Lifestraw en su lugar! Aunque el agua de la compa\u00f1\u00eda nacional de aguas (ANDA) suele ser segura, nunca sabes qu\u00e9 fuente de agua pueden utilizar los restaurantes, hoteles, etc.<br \/><\/span><\/p>\n<p>[\/et_pb_toggle][et_pb_toggle title=&#8221;El mayor reto para el viajero responsable&#8221; open_toggle_text_color=&#8221;#000000&#8243; open_toggle_background_color=&#8221;#FFFFFF&#8221; closed_toggle_background_color=&#8221;RGBA(255,255,255,0)&#8221; icon_color=&#8221;#FF6B59&#8243; toggle_icon=&#8221;&#x50;||divi||400&#8243; use_icon_font_size=&#8221;on&#8221; icon_font_size=&#8221;24px&#8221; open_icon_color=&#8221;#D36135&#8243; open_toggle_icon=&#8221;&#xe050;||divi||400&#8243; open_use_icon_font_size=&#8221;on&#8221; open_icon_font_size=&#8221;25px&#8221; icon_font_size_tablet=&#8221;24px&#8221; icon_font_size_phone=&#8221;24px&#8221; icon_font_size_last_edited=&#8221;on|phone&#8221; _builder_version=&#8221;4.19.4&#8243; _module_preset=&#8221;default&#8221; title_text_color=&#8221;#000000&#8243; title_level=&#8221;h3&#8243; title_font=&#8221;Merriweather|700|||||||&#8221; title_text_align=&#8221;left&#8221; title_font_size=&#8221;23px&#8221; title_line_height=&#8221;1.2em&#8221; closed_title_font=&#8221;Merriweather||||||||&#8221; body_font=&#8221;Loto Regular||||||||&#8221; body_link_text_color=&#8221;#D36135&#8243; custom_margin=&#8221;||20px||false|false&#8221; custom_padding=&#8221;0px|0px|20px|0px|false|false&#8221; border_width_all=&#8221;0px&#8221; border_color_all=&#8221;#FF6B59&#8243; border_width_bottom=&#8221;1px&#8221; global_colors_info=&#8221;{}&#8221;]<\/p>\n<p class=\"p1\"><span class=\"fontstyle2\">Basura: <\/span><span class=\"fontstyle0\">Como en cualquier lugar de Am\u00e9rica Latina, mucha comida callejera se sirve en recipientes de pl\u00e1stico o de un solo uso. Aseg\u00farate de llevar contigo tu recipiente plegable para alimentos. No olvides traer tambi\u00e9n tu Lifestraw.<br \/><\/span><span class=\"fontstyle2\"><strong>Protector solar<\/strong>: <\/span><span class=\"fontstyle0\">Protege la vida marina de El Salvador y lleva crema solar que no da\u00f1e el sol.<\/span><\/p>\n<p>[\/et_pb_toggle][\/et_pb_column][et_pb_column type=&#8221;1_2&#8243; _builder_version=&#8221;4.16&#8243; custom_padding=&#8221;|||&#8221; global_colors_info=&#8221;{}&#8221; custom_padding__hover=&#8221;|||&#8221;][et_pb_image src=&#8221;https:\/\/unique-universe.blog\/wp-content\/uploads\/2022\/09\/packing.jpg&#8221; title_text=&#8221;embalaje&#8221; force_fullwidth=&#8221;on&#8221; align_tablet=&#8221;center&#8221; align_phone=&#8221;center&#8221; align_last_edited=&#8221;on|desktop&#8221; _builder_version=&#8221;4.18.0&#8243; animation_style=&#8221;zoom&#8221; animation_delay=&#8221;100ms&#8221; animation_intensity_zoom=&#8221;6%&#8221; box_shadow_style=&#8221;preset1&#8243; box_shadow_vertical=&#8221;52px&#8221; box_shadow_blur=&#8221;80px&#8221; box_shadow_color=&#8221;rgba(0,36,73,0.07)&#8221; locked=&#8221;off&#8221; global_colors_info=&#8221;{}&#8221;][\/et_pb_image][et_pb_text _builder_version=&#8221;4.19.4&#8243; text_font=&#8221;Loto Regular||||||||&#8221; link_font=&#8221;||||||||&#8221; ul_font=&#8221;||||||||&#8221; ol_font=&#8221;||||||||&#8221; quote_font=&#8221;||||||||&#8221; header_font=&#8221;Merriweather||||||||&#8221; header_text_align=&#8221;center&#8221; header_2_font=&#8221;Merriweather|700|||||||&#8221; header_2_line_height=&#8221;1.5em&#8221; header_3_font=&#8221;||||||||&#8221; max_width=&#8221;800px&#8221; module_alignment=&#8221;center&#8221; header_2_font_size_phone=&#8221;34px&#8221; locked=&#8221;off&#8221; global_colors_info=&#8221;{}&#8221;]<\/p>\n<h2>Lista de equipaje Centroam\u00e9rica<\/h2>\n<p><span>Centroam\u00e9rica es muy diversa y ofrece muchas cosas que hacer. Consulta nuestra lista de equipaje y prep\u00e1rate para una aventura incre\u00edble. <\/span><\/p>\n<p><span>Encuentra de todo, desde art\u00edculos de aseo ecol\u00f3gicos hasta los \u00fanicos zapatos de viaje que querr\u00e1s, pasando por emocionantes artilugios de viaje.<\/span><\/p>\n<p>[\/et_pb_text][et_pb_button button_text=&#8221;Lista de embalaje&#8221; button_alignment=&#8221;left&#8221; _builder_version=&#8221;4.18.0&#8243; custom_button=&#8221;on&#8221; button_text_size=&#8221;16px&#8221; button_text_color=&#8221;#FFFFFF&#8221; button_bg_color=&#8221;#FF6B59&#8243; button_border_width=&#8221;0px&#8221; button_border_color=&#8221;#FF6B59&#8243; button_border_radius=&#8221;0px&#8221; button_font=&#8221;Montserrat|700|||||||&#8221; button_use_icon=&#8221;off&#8221; background_layout=&#8221;dark&#8221; button_border_color_hover=&#8221;#ff9e59&#8243; button_bg_color_hover=&#8221;#ff9e59&#8243; locked=&#8221;off&#8221; global_colors_info=&#8221;{}&#8221; button_text_size__hover_enabled=&#8221;off&#8221; button_one_text_size__hover_enabled=&#8221;off&#8221; button_two_text_size__hover_enabled=&#8221;off&#8221; button_text_color__hover_enabled=&#8221;off&#8221; button_one_text_color__hover_enabled=&#8221;off&#8221; button_two_text_color__hover_enabled=&#8221;off&#8221; button_border_width__hover_enabled=&#8221;off&#8221; button_one_border_width__hover_enabled=&#8221;off&#8221; button_two_border_width__hover_enabled=&#8221;off&#8221; button_border_color__hover_enabled=&#8221;on|desktop&#8221; button_border_color__hover=&#8221;#ff9e59&#8243; button_one_border_color__hover_enabled=&#8221;off&#8221; button_two_border_color__hover_enabled=&#8221;off&#8221; button_border_radius__hover_enabled=&#8221;off&#8221; button_one_border_radius__hover_enabled=&#8221;off&#8221; button_two_border_radius__hover_enabled=&#8221;off&#8221; button_letter_spacing__hover_enabled=&#8221;off&#8221; button_one_letter_spacing__hover_enabled=&#8221;off&#8221; button_two_letter_spacing__hover_enabled=&#8221;off&#8221; button_bg_color__hover_enabled=&#8221;on&#8221; button_bg_color__hover=&#8221;#ff9e59&#8243; button_one_bg_color__hover_enabled=&#8221;off&#8221; button_two_bg_color__hover_enabled=&#8221;off&#8221;][\/et_pb_button][\/et_pb_column][\/et_pb_row][\/et_pb_section][et_pb_section fb_built=&#8221;1&#8243; fullwidth=&#8221;on&#8221; admin_label=&#8221;Header&#8221; _builder_version=&#8221;4.16&#8243; background_color=&#8221;#b7b9c7&#8243; custom_padding=&#8221;0px|0|0px|0px|false|false&#8221; locked=&#8221;off&#8221; global_colors_info=&#8221;{}&#8221;][et_pb_fullwidth_header title=&#8221;\u00bfVas a viajar a El Salvador?&#8221; text_orientation=&#8221;center&#8221; button_one_text=&#8221;Itinerario en El Salvador&#8221; button_one_url=&#8221;https:\/\/unique-universe.blog\/es\/america-central\/el-salvador-es\/&#8221; background_overlay_color=&#8221;rgba(83,90,128,0.3)&#8221; content_max_width=&#8221;90%&#8221; _builder_version=&#8221;4.21.2&#8243; title_font=&#8221;Merriweather|700|||||||&#8221; title_text_align=&#8221;center&#8221; title_font_size=&#8221;73px&#8221; title_line_height=&#8221;1.4em&#8221; content_font=&#8221;Noto Serif|700|||||||&#8221; content_text_align=&#8221;left&#8221; content_font_size=&#8221;32px&#8221; subhead_font=&#8221;Noto Sans||||||||&#8221; subhead_text_align=&#8221;center&#8221; subhead_font_size=&#8221;30px&#8221; subhead_line_height=&#8221;2em&#8221; background_color=&#8221;rgba(255,255,255,0)&#8221; background_image=&#8221;https:\/\/unique-universe.blog\/wp-content\/uploads\/2022\/10\/Ruta-de-las-Flores_El-Salvador-53.jpg&#8221; parallax=&#8221;on&#8221; parallax_method=&#8221;on&#8221; custom_button_one=&#8221;on&#8221; button_one_text_size=&#8221;16px&#8221; button_one_text_color=&#8221;#FFFFFF&#8221; button_one_bg_color=&#8221;#FF6B59&#8243; button_one_border_width=&#8221;0px&#8221; button_one_border_color=&#8221;RGBA(255,255,255,0)&#8221; button_one_border_radius=&#8221;0px&#8221; button_one_font=&#8221;Montserrat|||on|||||&#8221; custom_button_two=&#8221;on&#8221; button_two_text_size=&#8221;16px&#8221; button_two_border_width=&#8221;0px&#8221; button_two_border_radius=&#8221;0px&#8221; custom_margin=&#8221;|||&#8221; custom_padding=&#8221;250px||320px|&#8221; custom_padding_tablet=&#8221;100px|||&#8221; custom_padding_phone=&#8221;&#8221; custom_padding_last_edited=&#8221;on|phone&#8221; animation_style=&#8221;fade&#8221; animation_direction=&#8221;top&#8221; link_option_url_new_window=&#8221;on&#8221; hover_enabled=&#8221;0&#8243; title_font_size_tablet=&#8221;60px&#8221; title_font_size_phone=&#8221;&#8221; title_font_size_last_edited=&#8221;on|desktop&#8221; subhead_font_size_tablet=&#8221;&#8221; subhead_font_size_phone=&#8221;20px&#8221; subhead_font_size_last_edited=&#8221;on|desktop&#8221; subhead_line_height_tablet=&#8221;&#8221; subhead_line_height_phone=&#8221;1.5em&#8221; subhead_line_height_last_edited=&#8221;on|phone&#8221; button_one_text_color_hover=&#8221;#ffffff&#8221; button_one_border_color_hover=&#8221;#ff9e59&#8243; button_one_border_radius_hover=&#8221;100px&#8221; button_one_bg_color_hover=&#8221;#ff9e59&#8243; global_colors_info=&#8221;{}&#8221; button_one_text_size__hover_enabled=&#8221;off&#8221; button_two_text_size__hover_enabled=&#8221;off&#8221; button_one_text_color__hover_enabled=&#8221;on&#8221; button_one_text_color__hover=&#8221;#ffffff&#8221; button_two_text_color__hover_enabled=&#8221;off&#8221; button_one_border_width__hover_enabled=&#8221;off&#8221; button_two_border_width__hover_enabled=&#8221;off&#8221; button_one_border_color__hover_enabled=&#8221;on&#8221; button_one_border_color__hover=&#8221;#ff9e59&#8243; button_two_border_color__hover_enabled=&#8221;off&#8221; button_one_border_radius__hover_enabled=&#8221;on|desktop&#8221; button_one_border_radius__hover=&#8221;0px&#8221; button_two_border_radius__hover_enabled=&#8221;off&#8221; button_one_letter_spacing__hover_enabled=&#8221;off&#8221; button_two_letter_spacing__hover_enabled=&#8221;off&#8221; button_one_bg_color__hover_enabled=&#8221;on&#8221; button_one_bg_color__hover=&#8221;#ff9e59&#8243; button_two_bg_color__hover_enabled=&#8221;off&#8221; sticky_enabled=&#8221;0&#8243;][\/et_pb_fullwidth_header][\/et_pb_section][et_pb_section fb_built=&#8221;1&#8243; admin_label=&#8221;Recent Travels&#8221; _builder_version=&#8221;4.16&#8243; custom_padding=&#8221;80px|0px|80px|0px|true|false&#8221; global_colors_info=&#8221;{}&#8221;][et_pb_row _builder_version=&#8221;4.16&#8243; custom_padding=&#8221;|||&#8221; global_colors_info=&#8221;{}&#8221;][et_pb_column type=&#8221;4_4&#8243; _builder_version=&#8221;4.16&#8243; custom_padding=&#8221;|||&#8221; global_colors_info=&#8221;{}&#8221; custom_padding__hover=&#8221;|||&#8221;][et_pb_text _builder_version=&#8221;4.18.0&#8243; text_font=&#8221;Loto Regular||||||||&#8221; text_font_size=&#8221;17px&#8221; text_line_height=&#8221;2em&#8221; link_font=&#8221;||||||||&#8221; ul_font=&#8221;||||||||&#8221; ol_font=&#8221;||||||||&#8221; quote_font=&#8221;||||||||&#8221; header_font=&#8221;Merriweather||||||||&#8221; header_2_font=&#8221;Merriweather|700|||||||&#8221; header_2_font_size=&#8221;44px&#8221; header_2_line_height=&#8221;1.5em&#8221; text_orientation=&#8221;center&#8221; max_width=&#8221;800px&#8221; module_alignment=&#8221;center&#8221; header_2_font_size_phone=&#8221;34px&#8221; global_colors_info=&#8221;{}&#8221;]<\/p>\n<h2>Lugares que visitar en El Salvador<\/h2>\n<p>\u00a1No te saltes El Salvador! \u00a1Es uno de los pa\u00edses m\u00e1s incre\u00edbles para visitar en Centroam\u00e9rica!<\/p>\n<p>[\/et_pb_text][\/et_pb_column][\/et_pb_row][et_pb_row admin_label=&#8221;Blog&#8221; _builder_version=&#8221;4.16&#8243; custom_padding=&#8221;|||&#8221; global_colors_info=&#8221;{}&#8221;][et_pb_column type=&#8221;4_4&#8243; _builder_version=&#8221;4.16&#8243; custom_padding=&#8221;|||&#8221; global_colors_info=&#8221;{}&#8221; custom_padding__hover=&#8221;|||&#8221;][et_pb_blog fullwidth=&#8221;off&#8221; posts_number=&#8221;3&#8243; include_categories=&#8221;234&#8243; excerpt_length=&#8221;120&#8243; show_more=&#8221;on&#8221; show_author=&#8221;off&#8221; show_date=&#8221;off&#8221; show_pagination=&#8221;off&#8221; module_class=&#8221;side-post&#8221; _builder_version=&#8221;4.18.0&#8243; header_font=&#8221;Merriweather||||||||&#8221; header_letter_spacing=&#8221;1px&#8221; body_font=&#8221;Loto Regular||||||||&#8221; meta_font=&#8221;Merriweather||||||||&#8221; meta_text_color=&#8221;#FFFFFF&#8221; read_more_font=&#8221;Merriweather|||on|||||&#8221; read_more_text_color=&#8221;#FFFFFF&#8221; read_more_font_size=&#8221;13px&#8221; pagination_font=&#8221;Merriweather||||||||&#8221; animation_style=&#8221;slide&#8221; animation_direction=&#8221;left&#8221; animation_intensity_slide=&#8221;5%&#8221; animation_starting_opacity=&#8221;100%&#8221; dbdb_show_tags=&#8221;on&#8221; border_width_all=&#8221;0px&#8221; border_color_all=&#8221;#ececec&#8221; global_colors_info=&#8221;{}&#8221;][\/et_pb_blog][\/et_pb_column][\/et_pb_row][\/et_pb_section]<\/p>\n","protected":false},"excerpt":{"rendered":"<p>San Salvador, el coraz\u00f3n resistente de El Salvador. La capital arrastra profundos sustos, muchos de ellos a\u00fan visibles en el Centro Hist\u00f3rico y en los corazones y recuerdos de sus habitantes. Su dolor era omnipresente, pero la feroz determinaci\u00f3n de la ciudad por un futuro mejor, sus esperanzas y aspiraciones son contagiosas y la raz\u00f3n por la que San Salvador es nuestra capital favorita de Centroam\u00e9rica.  <\/p>\n","protected":false},"author":2,"featured_media":25287,"comment_status":"closed","ping_status":"closed","sticky":false,"template":"","format":"standard","meta":{"_et_pb_use_builder":"on","_et_pb_old_content":"","_et_gb_content_width":"","_monsterinsights_skip_tracking":false,"_monsterinsights_sitenote_active":false,"_monsterinsights_sitenote_note":"","_monsterinsights_sitenote_category":0,"footnotes":""},"categories":[275,392,392,275],"tags":[],"class_list":["post-41188","post","type-post","status-publish","format-standard","has-post-thumbnail","hentry","category-el-salvador-es","category-america-central"],"_links":{"self":[{"href":"https:\/\/unique-universe.blog\/es\/wp-json\/wp\/v2\/posts\/41188","targetHints":{"allow":["GET"]}}],"collection":[{"href":"https:\/\/unique-universe.blog\/es\/wp-json\/wp\/v2\/posts"}],"about":[{"href":"https:\/\/unique-universe.blog\/es\/wp-json\/wp\/v2\/types\/post"}],"author":[{"embeddable":true,"href":"https:\/\/unique-universe.blog\/es\/wp-json\/wp\/v2\/users\/2"}],"replies":[{"embeddable":true,"href":"https:\/\/unique-universe.blog\/es\/wp-json\/wp\/v2\/comments?post=41188"}],"version-history":[{"count":0,"href":"https:\/\/unique-universe.blog\/es\/wp-json\/wp\/v2\/posts\/41188\/revisions"}],"wp:featuredmedia":[{"embeddable":true,"href":"https:\/\/unique-universe.blog\/es\/wp-json\/wp\/v2\/media\/25287"}],"wp:attachment":[{"href":"https:\/\/unique-universe.blog\/es\/wp-json\/wp\/v2\/media?parent=41188"}],"wp:term":[{"taxonomy":"category","embeddable":true,"href":"https:\/\/unique-universe.blog\/es\/wp-json\/wp\/v2\/categories?post=41188"},{"taxonomy":"post_tag","embeddable":true,"href":"https:\/\/unique-universe.blog\/es\/wp-json\/wp\/v2\/tags?post=41188"}],"curies":[{"name":"wp","href":"https:\/\/api.w.org\/{rel}","templated":true}]}}