{"id":41142,"date":"2022-08-16T19:19:40","date_gmt":"2022-08-16T17:19:40","guid":{"rendered":"https:\/\/unique-universe.blog\/santa-ana-un-lago-de-crater-volcanico-y-encanto-colonial\/"},"modified":"2023-08-05T17:10:12","modified_gmt":"2023-08-05T15:10:12","slug":"santa-ana-un-lago-de-crater-volcanico-y-encanto-colonial","status":"publish","type":"post","link":"https:\/\/unique-universe.blog\/es\/santa-ana-un-lago-de-crater-volcanico-y-encanto-colonial\/","title":{"rendered":"Santa Ana &#8211; un lago de cr\u00e1ter volc\u00e1nico y encanto colonial"},"content":{"rendered":"<p>[et_pb_section fb_built=&#8221;1&#8243; fullwidth=&#8221;on&#8221; admin_label=&#8221;Header&#8221; _builder_version=&#8221;4.16&#8243; background_color=&#8221;#b7b9c7&#8243; custom_padding=&#8221;0px|0|0px|0px|false|false&#8221; locked=&#8221;off&#8221; global_colors_info=&#8221;{}&#8221;][et_pb_fullwidth_header title=&#8221;SANTA ANA&#8221; subhead=&#8221;El Salvador&#8221; button_one_text=&#8221;Itinerario Santa&#8221; button_one_url=&#8221;#itinerario&#8221; _builder_version=&#8221;4.19.5&#8243; _module_preset=&#8221;2d1b8823-30bd-4bc6-9296-3bf14154e58a&#8221; background_image=&#8221;https:\/\/unique-universe.blog\/wp-content\/uploads\/2018\/08\/Santa-Ana_El-Salvador-37.jpg&#8221; button_one_text_size=&#8221;17px&#8221; title_font_size_tablet=&#8221;&#8221; title_font_size_phone=&#8221;&#8221; title_font_size_last_edited=&#8221;on|tablet&#8221; subhead_font_size_tablet=&#8221;&#8221; subhead_font_size_phone=&#8221;&#8221; subhead_font_size_last_edited=&#8221;on|desktop&#8221; button_one_text_color_hover=&#8221;#ffffff&#8221; button_one_border_color_hover=&#8221;#ff9e59&#8243; button_one_border_radius_hover=&#8221;100px&#8221; button_one_bg_color_hover=&#8221;#ff9e59&#8243; global_colors_info=&#8221;{}&#8221; button_one_text_size__hover_enabled=&#8221;off&#8221; button_two_text_size__hover_enabled=&#8221;off&#8221; button_two_text_color__hover_enabled=&#8221;off&#8221; button_one_border_width__hover_enabled=&#8221;off&#8221; button_two_border_width__hover_enabled=&#8221;off&#8221; button_two_border_color__hover_enabled=&#8221;off&#8221; button_two_border_radius__hover_enabled=&#8221;off&#8221; button_one_letter_spacing__hover_enabled=&#8221;off&#8221; button_two_letter_spacing__hover_enabled=&#8221;off&#8221; button_two_bg_color__hover_enabled=&#8221;off&#8221;][\/et_pb_fullwidth_header][\/et_pb_section][et_pb_section fb_built=&#8221;1&#8243; admin_label=&#8221;Tour CTA &#038; Information Section&#8221; _builder_version=&#8221;4.16&#8243; custom_padding=&#8221;100px|0px|54px|0px|false|false&#8221; global_colors_info=&#8221;{}&#8221;][et_pb_row column_structure=&#8221;1_2,1_2&#8243; admin_label=&#8221;Tour CTA y Fila de Informaci\u00f3n&#8221; _builder_version=&#8221;4.18.0&#8243; global_colors_info=&#8221;{}&#8221;][et_pb_column type=&#8221;1_2&#8243; _builder_version=&#8221;4.16&#8243; custom_padding=&#8221;|||&#8221; global_colors_info=&#8221;{}&#8221; custom_padding__hover=&#8221;|||&#8221;][et_pb_cta title=&#8221;La experiencia volc\u00e1nica m\u00e1s asombrosa de El Salvador&#8221; button_url=&#8221;@ET-DC@eyJkeW5hbWljIjp0cnVlLCJjb250ZW50IjoicG9zdF9saW5rX3VybF9wb3N0Iiwic2V0dGluZ3MiOnsicG9zdF9pZCI6IjI3NTI2In19@&#8221; button_text=&#8221;Lista de embalaje&#8221; _builder_version=&#8221;4.21.2&#8243; _dynamic_attributes=&#8221;button_url&#8221; _module_preset=&#8221;7ff25879-f561-4033-8e00-cb691e13e902&#8243; header_font=&#8221;Merriweather||||||||&#8221; button_bg_color=&#8221;#FF6B59&#8243; button_font=&#8221;|700||on|||||&#8221; button_alignment=&#8221;left&#8221; module_alignment=&#8221;center&#8221; hover_enabled=&#8221;0&#8243; button_text_color_hover=&#8221;#ffffff&#8221; button_border_color_hover=&#8221;#ff9e59&#8243; button_bg_color_hover=&#8221;#ff9e59&#8243; global_colors_info=&#8221;{}&#8221; button_text_size__hover_enabled=&#8221;off&#8221; button_one_text_size__hover_enabled=&#8221;off&#8221; button_two_text_size__hover_enabled=&#8221;off&#8221; button_one_text_color__hover_enabled=&#8221;off&#8221; button_two_text_color__hover_enabled=&#8221;off&#8221; button_border_width__hover_enabled=&#8221;off&#8221; button_one_border_width__hover_enabled=&#8221;off&#8221; button_two_border_width__hover_enabled=&#8221;off&#8221; button_one_border_color__hover_enabled=&#8221;off&#8221; button_two_border_color__hover_enabled=&#8221;off&#8221; button_border_radius__hover_enabled=&#8221;off&#8221; button_one_border_radius__hover_enabled=&#8221;off&#8221; button_two_border_radius__hover_enabled=&#8221;off&#8221; button_letter_spacing__hover_enabled=&#8221;off&#8221; button_one_letter_spacing__hover_enabled=&#8221;off&#8221; button_two_letter_spacing__hover_enabled=&#8221;off&#8221; button_one_bg_color__hover_enabled=&#8221;off&#8221; button_two_bg_color__hover_enabled=&#8221;off&#8221; button_text_color=&#8221;#FFFFFF&#8221; sticky_enabled=&#8221;0&#8243;][\/et_pb_cta][\/et_pb_column][et_pb_column type=&#8221;1_2&#8243; _builder_version=&#8221;4.16&#8243; custom_padding=&#8221;|||&#8221; global_colors_info=&#8221;{}&#8221; custom_padding__hover=&#8221;|||&#8221;][et_pb_text _builder_version=&#8221;4.18.0&#8243; text_font=&#8221;Noto Sans||||||||&#8221; text_text_color=&#8221;#FF6B59&#8243; text_font_size=&#8221;8px&#8221; text_line_height=&#8221;2em&#8221; link_font=&#8221;||||||||&#8221; ul_font=&#8221;||||||||&#8221; ol_font=&#8221;||||||||&#8221; quote_font=&#8221;||||||||&#8221; header_font=&#8221;||||||||&#8221; header_text_color=&#8221;#FF6B59&#8243; header_2_font=&#8221;||||||||&#8221; header_4_font=&#8221;Montserrat|300||on|||||&#8221; header_4_text_color=&#8221;#FF6B59&#8243; header_5_font=&#8221;Merriweather|700|||||||&#8221; header_5_text_color=&#8221;#FF6B59&#8243; header_5_font_size=&#8221;20px&#8221; header_5_line_height=&#8221;2em&#8221; module_alignment_tablet=&#8221;&#8221; module_alignment_phone=&#8221;left&#8221; module_alignment_last_edited=&#8221;on|phone&#8221; global_colors_info=&#8221;{}&#8221;]<\/p>\n<h4><span style=\"color: #ff6b59;\"><strong>Duraci\u00f3n:<\/strong> al menos CINCO d\u00edas<\/span><\/h4>\n<h4><span style=\"color: #ff6b59;\"><strong>Estancia:<\/strong> Hostal Casa Verde<\/span><\/h4>\n<p>[\/et_pb_text][et_pb_text _builder_version=&#8221;4.21.2&#8243; text_font=&#8221;Loto Regular||||||||&#8221; link_font=&#8221;||||||||&#8221; ul_font=&#8221;||||||||&#8221; ol_font=&#8221;||||||||&#8221; quote_font=&#8221;||||||||&#8221; header_font=&#8221;||||||||&#8221; header_2_font=&#8221;||||||||&#8221; header_5_font=&#8221;Noto Sans|700|||||||&#8221; header_5_text_color=&#8221;#ff6b5a&#8221; header_5_font_size=&#8221;20px&#8221; header_5_line_height=&#8221;2em&#8221; hover_enabled=&#8221;0&#8243; global_colors_info=&#8221;{}&#8221; sticky_enabled=&#8221;0&#8243;]<\/p>\n<p class=\"p1\"><span class=\"fontstyle0\">El volc\u00e1n Santa El impresionante cr\u00e1ter del volc\u00e1n Santa Ana es el punto culminante de la visita de muchos viajeros a <a href=\"https:\/\/unique-universe.blog\/es\/america-central\/el-salvador-es\/\" target=\"_blank\" rel=\"noopener\">El Salvador<\/a> por <span>una buena raz\u00f3n. Nos quedamos sin habla (y sin aliento) cuando vimos por primera vez el turquesa <\/span><span>lago del cr\u00e1ter. A pesar de sus impresionantes paisajes, Santa Ana ofrece una base perfecta para los viajeros que buscan <\/span><span>conocer la cultura y las tradiciones salvadore\u00f1as. Sin embargo, la encantadora ciudad colonial mantiene su <\/span><span>ambiente aut\u00e9ntico, y es poco probable que vea a otros viajeros por las calles.<\/span><\/span><\/p>\n<p>[\/et_pb_text][\/et_pb_column][\/et_pb_row][\/et_pb_section][et_pb_section fb_built=&#8221;1&#8243; admin_label=&#8221;Bar Counters Section&#8221; _builder_version=&#8221;4.18.0&#8243; use_background_color_gradient=&#8221;on&#8221; background_color_gradient_direction=&#8221;1deg&#8221; background_color_gradient_stops=&#8221;rgba(255,255,255,0) 60%|#ffffff 100%&#8221; background_color_gradient_overlays_image=&#8221;on&#8221; background_color_gradient_start=&#8221;rgba(255,255,255,0)&#8221; background_color_gradient_start_position=&#8221;60%&#8221; background_color_gradient_end=&#8221;#ffffff&#8221; background_image=&#8221;https:\/\/unique-universe.blog\/wp-content\/uploads\/2018\/08\/Santa-Ana_El-Salvador-34.jpg&#8221; parallax=&#8221;on&#8221; custom_padding=&#8221;54px|0px|30vw|0px&#8221; global_colors_info=&#8221;{}&#8221;][et_pb_row column_structure=&#8221;1_2,1_2&#8243; admin_label=&#8221;Barra Contadores Remo&#8221; _builder_version=&#8221;4.18.0&#8243; module_alignment=&#8221;center&#8221; custom_padding=&#8221;27px|0px|0px|0px&#8221; global_colors_info=&#8221;{}&#8221;][et_pb_column type=&#8221;1_2&#8243; _builder_version=&#8221;4.16&#8243; custom_padding=&#8221;|||&#8221; global_colors_info=&#8221;{}&#8221; custom_padding__hover=&#8221;|||&#8221;][\/et_pb_column][et_pb_column type=&#8221;1_2&#8243; _builder_version=&#8221;4.18.0&#8243; background_color=&#8221;rgba(255,255,255,0.3)&#8221; custom_padding=&#8221;|||&#8221; global_colors_info=&#8221;{}&#8221; custom_padding__hover=&#8221;|||&#8221;][et_pb_counters _builder_version=&#8221;4.18.0&#8243; percent_font=&#8221;||||||||&#8221; global_colors_info=&#8221;{}&#8221;][et_pb_counter percent=&#8221;100&#8243; bar_background_color=&#8221;#637F50&#8243; _builder_version=&#8221;4.18.0&#8243; title_text_color=&#8221;#000000&#8243; global_colors_info=&#8221;{}&#8221; bar_background_color_default=&#8221;#BACBA9&#8243; use_percentages=&#8221;on&#8221;]Actividades[\/et_pb_counter][et_pb_counter percent=&#8221;75&#8243; bar_background_color=&#8221;#637F50&#8243; _builder_version=&#8221;4.18.0&#8243; title_text_color=&#8221;#000000&#8243; global_colors_info=&#8221;{}&#8221; bar_background_color_default=&#8221;#BACBA9&#8243; use_percentages=&#8221;on&#8221;]Vida aut\u00e9ntica en la ciudad[\/et_pb_counter][et_pb_counter percent=&#8221;80&#8243; bar_background_color=&#8221;#637F50&#8243; _builder_version=&#8221;4.18.0&#8243; title_text_color=&#8221;#000000&#8243; global_colors_info=&#8221;{}&#8221; bar_background_color_default=&#8221;#BACBA9&#8243; use_percentages=&#8221;on&#8221;]Cultura[\/et_pb_counter][et_pb_counter percent=&#8221;75&#8243; bar_background_color=&#8221;#637F50&#8243; _builder_version=&#8221;4.18.0&#8243; title_text_color=&#8221;#000000&#8243; global_colors_info=&#8221;{}&#8221; bar_background_color_default=&#8221;#BACBA9&#8243; use_percentages=&#8221;on&#8221;]Aventura[\/et_pb_counter][\/et_pb_counters][\/et_pb_column][\/et_pb_row][\/et_pb_section][et_pb_section fb_built=&#8221;1&#8243; admin_label=&#8221;Useful Travel Trips&#8221; _builder_version=&#8221;4.16&#8243; custom_padding=&#8221;100px|0px|100px|0px|true|false&#8221; global_colors_info=&#8221;{}&#8221;][et_pb_row _builder_version=&#8221;4.16&#8243; custom_padding=&#8221;|||&#8221; global_colors_info=&#8221;{}&#8221;][et_pb_column type=&#8221;4_4&#8243; _builder_version=&#8221;4.16&#8243; custom_padding=&#8221;|||&#8221; global_colors_info=&#8221;{}&#8221; custom_padding__hover=&#8221;|||&#8221;][et_pb_text _builder_version=&#8221;4.21.2&#8243; text_font=&#8221;Loto Regular||on||||||&#8221; header_font=&#8221;||||||||&#8221; max_width=&#8221;800px&#8221; max_width_tablet=&#8221;&#8221; max_width_phone=&#8221;&#8221; max_width_last_edited=&#8221;on|phone&#8221; module_alignment=&#8221;center&#8221; custom_padding=&#8221;|||&#8221; hover_enabled=&#8221;0&#8243; global_colors_info=&#8221;{}&#8221; sticky_enabled=&#8221;0&#8243;]<\/p>\n<p style=\"text-align: center;\"><span class=\"fontstyle0\">Santa Ana, la segunda ciudad m\u00e1s grande <a href=\"https:\/\/unique-universe.blog\/es\/america-central\/el-salvador-es\/\" target=\"_blank\" rel=\"noopener\">de El Salvador<\/a>, marc\u00f3 el final de nuestro viaje. As\u00ed que, naturalmente, nos sentimos un poco nost\u00e1lgicos cuando llegamos all\u00ed. Tardamos una hora de Ataco a Santa Ana. Sin embargo, nuestra melancol\u00eda se desvaneci\u00f3 r\u00e1pidamente cuando conocimos a Rosi, nuestra anfitriona, que nos recogi\u00f3 en el centro de la ciudad. Para estar m\u00e1s cerca del volc\u00e1n, decidimos alojarnos fuera de la ciudad. En cuanto cruzamos las puertas de la casa de Rosi, nos sentimos abrumados por la lujosa finca. Mario, el hijo y mejor amigo de Rosi, nos recibi\u00f3 calurosamente y enseguida nos sentimos como en casa.<\/span><\/p>\n<p>[\/et_pb_text][\/et_pb_column][\/et_pb_row][\/et_pb_section][et_pb_section fb_built=&#8221;1&#8243; admin_label=&#8221;Video&#8221; _builder_version=&#8221;4.18.0&#8243; background_color=&#8221;#f4f6f0&#8243; custom_padding=&#8221;|||&#8221; locked=&#8221;off&#8221; global_colors_info=&#8221;{}&#8221;][et_pb_row column_structure=&#8221;3_5,2_5&#8243; use_custom_gutter=&#8221;on&#8221; gutter_width=&#8221;1&#8243; module_id=&#8221;itinerary&#8221; module_class=&#8221; et_pb_row_fullwidth&#8221; _builder_version=&#8221;4.18.0&#8243; width=&#8221;100%&#8221; width_tablet=&#8221;100%&#8221; width_phone=&#8221;100%&#8221; width_last_edited=&#8221;on|desktop&#8221; max_width_tablet=&#8221;100%&#8221; max_width_phone=&#8221;100%&#8221; max_width_last_edited=&#8221;on|desktop&#8221; custom_padding=&#8221;0px||0px||true&#8221; make_fullwidth=&#8221;on&#8221; global_colors_info=&#8221;{}&#8221;][et_pb_column type=&#8221;3_5&#8243; _builder_version=&#8221;4.16&#8243; custom_padding=&#8221;|||&#8221; global_colors_info=&#8221;{}&#8221; custom_padding__hover=&#8221;|||&#8221;][et_pb_video src=&#8221;https:\/\/www.youtube.com\/watch?v=suJQ9hzf7L8&#8243; image_src=&#8221;\/\/i.ytimg.com\/vi\/suJQ9hzf7L8\/hqdefault.jpg&#8221; _builder_version=&#8221;4.18.0&#8243; _module_preset=&#8221;default&#8221; db_limit_youtube_related_videos_to_same_channel=&#8221;on&#8221; global_colors_info=&#8221;{}&#8221;][\/et_pb_video][\/et_pb_column][et_pb_column type=&#8221;2_5&#8243; _builder_version=&#8221;4.16&#8243; custom_padding=&#8221;6%|6%|6%|6%&#8221; custom_padding_tablet=&#8221;|10%||10%||true&#8221; custom_padding_phone=&#8221;|||&#8221; custom_padding_last_edited=&#8221;on|desktop&#8221; global_colors_info=&#8221;{}&#8221; custom_padding__hover=&#8221;|||&#8221;][dsm_text_notation before_text=&#8221;Cosas que hacer en  &#8221; notation_text=&#8221;Santa Ana, El Salvador&#8221; notation_color=&#8221;gcid-337464f7-7e39-46d7-bf72-37059aae4298&#8243; _builder_version=&#8221;4.19.5&#8243; _module_preset=&#8221;bc5aa348-9cae-4cae-804f-0de6e9682471&#8243; global_colors_info=&#8221;{%22gcid-337464f7-7e39-46d7-bf72-37059aae4298%22:%91%22notation_color%22%93}&#8221;][\/dsm_text_notation][et_pb_text _builder_version=&#8221;4.19.5&#8243; _module_preset=&#8221;367c60d0-0742-48dc-86b5-f4731a3735f7&#8243; global_colors_info=&#8221;{}&#8221;]<\/p>\n<ul>\n<li><strong><span style=\"color: #ff6b59;\"><a href=\"#thing_do_1\" style=\"color: #ff6b59;\">Visita el centro de la ciudad colonial<\/a><\/span><\/strong><strong><span style=\"color: #ff6b59;\"><\/span><\/strong><\/li>\n<li><strong><span style=\"color: #ff6b59;\"><a href=\"#thing_do_2\" style=\"color: #ff6b59;\">Pasar el rato en el Parque Col\u00f3n y el Mercado Col\u00f3n<\/a><\/span><\/strong><\/li>\n<li><strong><span style=\"color: #ff6b59;\"><a href=\"#thing_do_3\">Enam\u00f3rate de las vistas del Parque Nacional de Cerro Verde<\/a><\/span><\/strong><\/li>\n<li><a href=\"#thing_do_4\"><strong><span style=\"color: #ff6b59;\">Excursi\u00f3n al Volc\u00e1n Cerro Verde<\/span><\/strong><\/a><\/li>\n<li><a href=\"#thing_do_5\"><strong><span style=\"color: #ff6b59;\">Volc\u00e1n de Izalco<\/span><\/strong><\/a><\/li>\n<li><strong><span style=\"color: #ff6b59;\"><a href=\"#thing_do_6\" style=\"color: #ff6b59;\">Lago del cr\u00e1ter del volc\u00e1n Santa Ana<\/a><\/span><\/strong><\/li>\n<li><strong><span style=\"color: #ff6b59;\"><a href=\"#thing_do_7\" style=\"color: #ff6b59;\">Lago Coatepeque<\/a><\/span><\/strong><\/li>\n<li><strong><span style=\"color: #ff6b59;\"><a href=\"#thing_do_8\">Descubre la cultura maya en Tazumal<\/a><\/span><\/strong><\/li>\n<li><a href=\"#good_knowing\"><strong><span style=\"color: #ff6b59;\">Es bueno saberlo<\/span><\/strong><\/a><\/li>\n<\/ul>\n<p>[\/et_pb_text][\/et_pb_column][\/et_pb_row][\/et_pb_section][et_pb_section fb_built=&#8221;1&#8243; _builder_version=&#8221;4.18.0&#8243; _module_preset=&#8221;default&#8221; global_colors_info=&#8221;{}&#8221;][et_pb_row column_structure=&#8221;2_5,3_5&#8243; module_id=&#8221;thing_do_1&#8243; _builder_version=&#8221;4.19.5&#8243; _module_preset=&#8221;b97313bd-5b9d-43ad-bbe6-2cc566bda503&#8243; global_colors_info=&#8221;{}&#8221;][et_pb_column type=&#8221;2_5&#8243; _builder_version=&#8221;4.18.0&#8243; _module_preset=&#8221;default&#8221; background_color=&#8221;#FFFFFF&#8221; custom_padding=&#8221;110px|60px|110px|40px|true|false&#8221; custom_padding_tablet=&#8221;60px||60px||true|false&#8221; custom_padding_phone=&#8221;40px|20px|40px|20px|true|true&#8221; custom_padding_last_edited=&#8221;on|phone&#8221; box_shadow_style=&#8221;preset2&#8243; box_shadow_horizontal=&#8221;-6px&#8221; box_shadow_color=&#8221;rgba(0,0,0,0.1)&#8221; global_colors_info=&#8221;{}&#8221;][et_pb_blurb title=&#8221;El centro colonial de la ciudad&#8221; use_icon=&#8221;on&#8221; font_icon=&#8221;&#xf3c5;||fa||900&#8243; icon_color=&#8221;#FF6B59&#8243; icon_placement=&#8221;left&#8221; content_max_width=&#8221;100%&#8221; image_tablet=&#8221;https:\/\/unique-universe.blog\/wp-content\/uploads\/2022\/06\/Compass-Logo.svg&#8221; image_phone=&#8221;&#8221; image_last_edited=&#8221;on|phone&#8221; icon_placement_tablet=&#8221;left&#8221; icon_placement_phone=&#8221;top&#8221; icon_placement_last_edited=&#8221;on|phone&#8221; _builder_version=&#8221;4.18.0&#8243; _module_preset=&#8221;default&#8221; header_level=&#8221;h3&#8243; header_font=&#8221;Merriweather||||||||&#8221; header_font_size=&#8221;28px&#8221; body_font=&#8221;Loto Regular||||||||&#8221; dsm_modules_readmore=&#8221;on&#8221; global_colors_info=&#8221;{}&#8221; image__hover_enabled=&#8221;off|desktop&#8221;]<\/p>\n<p><span class=\"fontstyle0\">Hay un pu\u00f1ado de impresionantes edificios coloniales en el centro de Santa Ana. Les admite un precioso teatro nacional y una elaborada catedral blanca. Las paredes laterales de la catedral est\u00e1n decoradas con delicadas tallas. Podr\u00e1s divisar los dos edificios desde el Parque Central. Frente a la catedral, encontrar\u00e1s un bonito restaurante con vistas al Parque Central.<\/span><\/p>\n<p>[\/et_pb_blurb][\/et_pb_column][et_pb_column type=&#8221;3_5&#8243; _builder_version=&#8221;4.17.4&#8243; _module_preset=&#8221;default&#8221; global_colors_info=&#8221;{}&#8221;][et_pb_image src=&#8221;https:\/\/unique-universe.blog\/wp-content\/uploads\/2018\/08\/Santa-Ana_El-Salvador-6.jpg&#8221; alt=&#8221;Iglesia de Cavalerio en Le\u00f3n, Nicaragua&#8221; title_text=&#8221;Santa Ana_El Salvador-6&#8243; _builder_version=&#8221;4.18.0&#8243; _module_preset=&#8221;default&#8221; width=&#8221;90%&#8221; module_alignment=&#8221;center&#8221; global_colors_info=&#8221;{}&#8221;][\/et_pb_image][\/et_pb_column][\/et_pb_row][et_pb_row column_structure=&#8221;3_5,2_5&#8243; use_custom_gutter=&#8221;on&#8221; gutter_width=&#8221;1&#8243; make_equal=&#8221;on&#8221; module_id=&#8221;thing_do_2&#8243; _builder_version=&#8221;4.18.0&#8243; _module_preset=&#8221;default&#8221; module_alignment=&#8221;center&#8221; custom_css_main_element=&#8221;align-items: center;&#8221; global_colors_info=&#8221;{}&#8221;][et_pb_column type=&#8221;3_5&#8243; _builder_version=&#8221;4.18.0&#8243; _module_preset=&#8221;default&#8221; global_colors_info=&#8221;{}&#8221;][et_pb_image src=&#8221;https:\/\/unique-universe.blog\/wp-content\/uploads\/2022\/10\/Santa-Ana.jpg&#8221; alt=&#8221;Granada, Nicaragua: mercado&#8221; title_text=&#8221;Santa Ana&#8221; force_fullwidth=&#8221;on&#8221; _builder_version=&#8221;4.18.0&#8243; _module_preset=&#8221;default&#8221; min_height=&#8221;90px&#8221; global_colors_info=&#8221;{}&#8221;][\/et_pb_image][\/et_pb_column][et_pb_column type=&#8221;2_5&#8243; _builder_version=&#8221;4.18.0&#8243; _module_preset=&#8221;default&#8221; background_color=&#8221;#FFFFFF&#8221; custom_padding=&#8221;110px|60px|110px|40px|true|false&#8221; custom_padding_tablet=&#8221;60px||60px||true|false&#8221; custom_padding_phone=&#8221;40px|20px|40px|20px|true|true&#8221; custom_padding_last_edited=&#8221;on|phone&#8221; box_shadow_style=&#8221;preset2&#8243; box_shadow_color=&#8221;rgba(0,0,0,0.1)&#8221; global_colors_info=&#8221;{}&#8221;][et_pb_blurb title=&#8221;Pasar el rato en el Parque Col\u00f3n y el Mercado Col\u00f3n&#8221; use_icon=&#8221;on&#8221; font_icon=&#8221;&#xf3c5;||fa||900&#8243; icon_color=&#8221;#FF6B59&#8243; icon_placement=&#8221;left&#8221; content_max_width=&#8221;100%&#8221; image_tablet=&#8221;https:\/\/unique-universe.blog\/wp-content\/uploads\/2022\/06\/Compass-Logo.svg&#8221; image_phone=&#8221;&#8221; image_last_edited=&#8221;on|phone&#8221; icon_placement_tablet=&#8221;left&#8221; icon_placement_phone=&#8221;top&#8221; icon_placement_last_edited=&#8221;on|phone&#8221; _builder_version=&#8221;4.18.0&#8243; _module_preset=&#8221;default&#8221; header_level=&#8221;h3&#8243; header_font=&#8221;Merriweather||||||||&#8221; header_font_size=&#8221;28px&#8221; body_font=&#8221;Loto Regular||||||||&#8221; global_colors_info=&#8221;{}&#8221; image__hover_enabled=&#8221;off|desktop&#8221;]<\/p>\n<p><span class=\"fontstyle0\">Tras disfrutar del agradable ambiente del Parque Central, nos dirigimos hacia el Parque Col\u00f3n. A tu paso, podr\u00e1s divisar &#8220;ruinas&#8221; coloniales, que heredan un encanto propio. Ten en cuenta que est\u00e1s paseando por el barrio m\u00e1s conocido de Santa Ana. Sin embargo, la zona se reconstruye para permitir m\u00e1s actividades sociales que eviten la violencia y otros delitos. El Mercado Col\u00f3n es un lugar excelente para pasar el rato, observar o darse un capricho en la primavera de las compras. El mercado es animado, diverso y barato. Pero, como el mercado m\u00e1s grande de Santa Ana est\u00e1 a veces superpoblado, ten cuidado con los carteristas.<\/span><\/p>\n<p>[\/et_pb_blurb][\/et_pb_column][\/et_pb_row][et_pb_row column_structure=&#8221;2_5,3_5&#8243; module_id=&#8221;thing_do_3&#8243; _builder_version=&#8221;4.19.5&#8243; _module_preset=&#8221;b97313bd-5b9d-43ad-bbe6-2cc566bda503&#8243; module_alignment=&#8221;center&#8221; global_colors_info=&#8221;{}&#8221;][et_pb_column type=&#8221;2_5&#8243; _builder_version=&#8221;4.18.0&#8243; _module_preset=&#8221;default&#8221; background_color=&#8221;#FFFFFF&#8221; custom_padding=&#8221;110px|60px|110px|40px|true|false&#8221; custom_padding_tablet=&#8221;60px||60px||true|false&#8221; custom_padding_phone=&#8221;40px|20px|40px|20px|true|true&#8221; custom_padding_last_edited=&#8221;on|phone&#8221; box_shadow_style=&#8221;preset2&#8243; box_shadow_color=&#8221;rgba(0,0,0,0.1)&#8221; global_colors_info=&#8221;{}&#8221;][et_pb_blurb title=&#8221;Las impresionantes vistas del Parque Nacional de Cerro Verde&#8221; use_icon=&#8221;on&#8221; font_icon=&#8221;&#xf3c5;||fa||900&#8243; icon_color=&#8221;#FF6B59&#8243; icon_placement=&#8221;left&#8221; content_max_width=&#8221;100%&#8221; image_tablet=&#8221;https:\/\/unique-universe.blog\/wp-content\/uploads\/2022\/06\/Compass-Logo.svg&#8221; image_phone=&#8221;&#8221; image_last_edited=&#8221;on|phone&#8221; icon_placement_tablet=&#8221;left&#8221; icon_placement_phone=&#8221;top&#8221; icon_placement_last_edited=&#8221;on|phone&#8221; _builder_version=&#8221;4.21.2&#8243; _module_preset=&#8221;default&#8221; header_level=&#8221;h3&#8243; header_font=&#8221;Merriweather||||||||&#8221; header_font_size=&#8221;28px&#8221; body_font=&#8221;Loto Regular||||||||&#8221; hover_enabled=&#8221;0&#8243; global_colors_info=&#8221;{}&#8221; image__hover_enabled=&#8221;off|desktop&#8221; sticky_enabled=&#8221;0&#8243;]<\/p>\n<p><span class=\"fontstyle0\">Disfrutamos de la ciudad de Santa Ana, pero para ser sinceros, la regi\u00f3n es propensa a las actividades al aire libre. Tras un par de d\u00edas en la ciudad, nos subimos a un autob\u00fas y llegamos al Parque Nacional de Cero Verde en una hora de viaje. El parque nos ofreci\u00f3 unas vistas fascinantes de los volcanes Santa Ana, Izalco y Cerro Verde. Adem\u00e1s, pudimos divisar el Lago Coatepeque con sus aguas pr\u00edstinas de un azul intenso. Juntos, estos fen\u00f3menos naturales conforman uno de los paisajes m\u00e1s impresionantes <a href=\"https:\/\/unique-universe.blog\/es\/america-central\/el-salvador-es\/\" target=\"_blank\" rel=\"noopener\">de El Salvador.<\/a><\/span><\/p>\n<p>[\/et_pb_blurb][\/et_pb_column][et_pb_column type=&#8221;3_5&#8243; _builder_version=&#8221;4.17.4&#8243; _module_preset=&#8221;default&#8221; global_colors_info=&#8221;{}&#8221;][et_pb_image src=&#8221;https:\/\/unique-universe.blog\/wp-content\/uploads\/2018\/08\/Santa-Ana_El-Salvador-10.jpg&#8221; alt=&#8221;Le\u00f3n, Nicaragua: barrio Sutiavia&#8221; title_text=&#8221;Santa Ana_El Salvador-10&#8243; force_fullwidth=&#8221;on&#8221; _builder_version=&#8221;4.18.0&#8243; _module_preset=&#8221;default&#8221; min_height=&#8221;90px&#8221; global_colors_info=&#8221;{}&#8221;][\/et_pb_image][\/et_pb_column][\/et_pb_row][et_pb_row column_structure=&#8221;3_5,2_5&#8243; use_custom_gutter=&#8221;on&#8221; gutter_width=&#8221;1&#8243; make_equal=&#8221;on&#8221; module_id=&#8221;thing_do_4&#8243; module_class=&#8221;reverse&#8221; _builder_version=&#8221;4.18.0&#8243; _module_preset=&#8221;default&#8221; custom_css_main_element=&#8221;align-items: center;&#8221; global_colors_info=&#8221;{}&#8221;][et_pb_column type=&#8221;3_5&#8243; _builder_version=&#8221;4.17.4&#8243; _module_preset=&#8221;default&#8221; global_colors_info=&#8221;{}&#8221;][et_pb_image src=&#8221;https:\/\/unique-universe.blog\/wp-content\/uploads\/2018\/08\/Santa-Ana_El-Salvador-12.jpg&#8221; alt=&#8221;Granada, Nicaragua: dani delante de la iglesia&#8221; title_text=&#8221;Santa Ana_El Salvador-12&#8243; _builder_version=&#8221;4.18.0&#8243; _module_preset=&#8221;default&#8221; width=&#8221;90%&#8221; module_alignment=&#8221;center&#8221; global_colors_info=&#8221;{}&#8221;][\/et_pb_image][\/et_pb_column][et_pb_column type=&#8221;2_5&#8243; _builder_version=&#8221;4.18.0&#8243; _module_preset=&#8221;default&#8221; background_color=&#8221;#FFFFFF&#8221; custom_padding=&#8221;110px|60px|110px|40px|true|false&#8221; custom_padding_tablet=&#8221;60px||60px||true|false&#8221; custom_padding_phone=&#8221;40px|20px|40px|20px|true|true&#8221; custom_padding_last_edited=&#8221;on|phone&#8221; box_shadow_style=&#8221;preset2&#8243; box_shadow_horizontal=&#8221;-6px&#8221; box_shadow_color=&#8221;rgba(0,0,0,0.1)&#8221; global_colors_info=&#8221;{}&#8221;][et_pb_blurb title=&#8221;Volc\u00e1n Cerro Verde&#8221; use_icon=&#8221;on&#8221; font_icon=&#8221;&#xf3c5;||fa||900&#8243; icon_color=&#8221;#FF6B59&#8243; icon_placement=&#8221;left&#8221; content_max_width=&#8221;100%&#8221; image_tablet=&#8221;https:\/\/unique-universe.blog\/wp-content\/uploads\/2022\/06\/Compass-Logo.svg&#8221; image_phone=&#8221;&#8221; image_last_edited=&#8221;on|phone&#8221; icon_placement_tablet=&#8221;left&#8221; icon_placement_phone=&#8221;top&#8221; icon_placement_last_edited=&#8221;on|phone&#8221; _builder_version=&#8221;4.19.4&#8243; _module_preset=&#8221;default&#8221; header_level=&#8221;h3&#8243; header_font=&#8221;Merriweather||||||||&#8221; header_font_size=&#8221;28px&#8221; body_font=&#8221;Loto Regular||||||||&#8221; dsm_modules_readmore=&#8221;on&#8221; global_colors_info=&#8221;{}&#8221; image__hover_enabled=&#8221;off|desktop&#8221;]<\/p>\n<p><span class=\"fontstyle0\">El Parque Nacional de Cerro Verde ofrece varias excursiones alrededor del volc\u00e1n y del parque. La zona es exuberante y verde y un para\u00edso para los amantes de la naturaleza. Puedes elegir entre caminatas f\u00e1ciles y desafiantes. Varios miradores te ofrecen unas vistas impresionantes del Lago de Coatepeque. La caldera se form\u00f3 hace miles de a\u00f1os. Si te apetece nadar, bucear un poco o hacer esqu\u00ed acu\u00e1tico, <a href=\"https:\/\/unique-universe.blog\/es\/ruta-de-las-flores-pintoresco-viaje-por-pueblos-coloridos\/\" target=\"_blank\" rel=\"noopener\">el Lago de Coatepeque<\/a> es tu lugar. Ten en cuenta que el lago es uno de los favoritos de los m\u00e1s adinerados de El Salvador. De ah\u00ed que muchos restaurantes y hoteles sean caros.  <\/span><\/p>\n<p>[\/et_pb_blurb][\/et_pb_column][\/et_pb_row][et_pb_row column_structure=&#8221;2_5,3_5&#8243; module_id=&#8221;thing_do_5&#8243; _builder_version=&#8221;4.19.5&#8243; _module_preset=&#8221;b97313bd-5b9d-43ad-bbe6-2cc566bda503&#8243; module_alignment=&#8221;center&#8221; global_colors_info=&#8221;{}&#8221;][et_pb_column type=&#8221;2_5&#8243; _builder_version=&#8221;4.18.0&#8243; _module_preset=&#8221;default&#8221; background_color=&#8221;#FFFFFF&#8221; custom_padding=&#8221;110px|60px|110px|40px|true|false&#8221; custom_padding_tablet=&#8221;60px||60px||true|false&#8221; custom_padding_phone=&#8221;40px|20px|40px|20px|true|true&#8221; custom_padding_last_edited=&#8221;on|phone&#8221; box_shadow_style=&#8221;preset2&#8243; box_shadow_color=&#8221;rgba(0,0,0,0.1)&#8221; global_colors_info=&#8221;{}&#8221;][et_pb_blurb title=&#8221;Volc\u00e1n de Izalco&#8221; use_icon=&#8221;on&#8221; font_icon=&#8221;&#xf3c5;||fa||900&#8243; icon_color=&#8221;#FF6B59&#8243; icon_placement=&#8221;left&#8221; content_max_width=&#8221;100%&#8221; image_tablet=&#8221;https:\/\/unique-universe.blog\/wp-content\/uploads\/2022\/06\/Compass-Logo.svg&#8221; image_phone=&#8221;&#8221; image_last_edited=&#8221;on|phone&#8221; icon_placement_tablet=&#8221;left&#8221; icon_placement_phone=&#8221;top&#8221; icon_placement_last_edited=&#8221;on|phone&#8221; _builder_version=&#8221;4.19.4&#8243; _module_preset=&#8221;default&#8221; header_level=&#8221;h3&#8243; header_font=&#8221;Merriweather||||||||&#8221; header_font_size=&#8221;28px&#8221; body_font=&#8221;Loto Regular||||||||&#8221; global_colors_info=&#8221;{}&#8221; image__hover_enabled=&#8221;off|desktop&#8221;]<\/p>\n<p><span class=\"fontstyle0\">Es mucho m\u00e1s dif\u00edcil escalar el volc\u00e1n Izalco que el volc\u00e1n Santa Ana. El camino de subida es empinado, y las resbaladizas pendientes te llevar\u00e1n hacia arriba antes de llevarte de nuevo hacia abajo. Subiendo en zigzag, la caminata dura un poco m\u00e1s que la de Santa Ana.<br \/><\/span><\/p>\n<p><span class=\"fontstyle0\">Desgraciadamente, s\u00f3lo es posible visitar el volc\u00e1n de Izalco si se apuntan suficientes personas a una excursi\u00f3n.  <\/span><\/p>\n<p>&nbsp;<\/p>\n<p>[\/et_pb_blurb][\/et_pb_column][et_pb_column type=&#8221;3_5&#8243; _builder_version=&#8221;4.17.4&#8243; _module_preset=&#8221;default&#8221; global_colors_info=&#8221;{}&#8221;][et_pb_image src=&#8221;https:\/\/unique-universe.blog\/wp-content\/uploads\/2018\/08\/Santa-Ana_El-Salvador-25.jpg&#8221; alt=&#8221;Granada, Nicaragua: Lauri en el Parque Col\u00f3n&#8221; title_text=&#8221;Santa Ana_El Salvador-25&#8243; force_fullwidth=&#8221;on&#8221; _builder_version=&#8221;4.18.0&#8243; _module_preset=&#8221;default&#8221; min_height=&#8221;90px&#8221; global_colors_info=&#8221;{}&#8221;][\/et_pb_image][\/et_pb_column][\/et_pb_row][et_pb_row column_structure=&#8221;3_5,2_5&#8243; use_custom_gutter=&#8221;on&#8221; gutter_width=&#8221;1&#8243; make_equal=&#8221;on&#8221; module_id=&#8221;thing_do_6&#8243; _builder_version=&#8221;4.19.4&#8243; _module_preset=&#8221;default&#8221; custom_css_main_element=&#8221;align-items: center;&#8221; global_colors_info=&#8221;{}&#8221;][et_pb_column type=&#8221;3_5&#8243; _builder_version=&#8221;4.17.4&#8243; _module_preset=&#8221;default&#8221; global_colors_info=&#8221;{}&#8221;][et_pb_image src=&#8221;https:\/\/unique-universe.blog\/wp-content\/uploads\/2018\/08\/Santa-Ana_El-Salvador-39.jpg&#8221; alt=&#8221;Lago del Cr\u00e1ter Santa Ana&#8221; title_text=&#8221;Santa Ana_El Salvador-39&#8243; _builder_version=&#8221;4.19.4&#8243; _module_preset=&#8221;default&#8221; width=&#8221;90%&#8221; module_alignment=&#8221;center&#8221; global_colors_info=&#8221;{}&#8221;][\/et_pb_image][\/et_pb_column][et_pb_column type=&#8221;2_5&#8243; _builder_version=&#8221;4.18.0&#8243; _module_preset=&#8221;default&#8221; background_color=&#8221;#FFFFFF&#8221; custom_padding=&#8221;110px|60px|110px|40px|true|false&#8221; custom_padding_tablet=&#8221;60px||60px||true|false&#8221; custom_padding_phone=&#8221;40px|20px|40px|20px|true|true&#8221; custom_padding_last_edited=&#8221;on|phone&#8221; box_shadow_style=&#8221;preset2&#8243; box_shadow_horizontal=&#8221;-6px&#8221; box_shadow_color=&#8221;rgba(0,0,0,0.1)&#8221; global_colors_info=&#8221;{}&#8221;][et_pb_blurb title=&#8221;El lago del cr\u00e1ter volc\u00e1nico de Santa Ana&#8221; use_icon=&#8221;on&#8221; font_icon=&#8221;&#xf3c5;||fa||900&#8243; icon_color=&#8221;#FF6B59&#8243; icon_placement=&#8221;left&#8221; content_max_width=&#8221;100%&#8221; image_tablet=&#8221;https:\/\/unique-universe.blog\/wp-content\/uploads\/2022\/06\/Compass-Logo.svg&#8221; image_phone=&#8221;&#8221; image_last_edited=&#8221;on|phone&#8221; icon_placement_tablet=&#8221;left&#8221; icon_placement_phone=&#8221;top&#8221; icon_placement_last_edited=&#8221;on|phone&#8221; _builder_version=&#8221;4.21.2&#8243; _module_preset=&#8221;default&#8221; header_level=&#8221;h3&#8243; header_font=&#8221;Merriweather||||||||&#8221; header_font_size=&#8221;28px&#8221; body_font=&#8221;Loto Regular||||||||&#8221; hover_enabled=&#8221;0&#8243; dsm_modules_readmore=&#8221;on&#8221; global_colors_info=&#8221;{}&#8221; image__hover_enabled=&#8221;off|desktop&#8221; sticky_enabled=&#8221;0&#8243;]<\/p>\n<p><span class=\"fontstyle0\">El lago del cr\u00e1ter volc\u00e1nico de Santa Ana El volc\u00e1n m\u00e1s alto de El Salvador se llama Illamatepec. Comenzamos nuestra visita guiada a las 11 de la ma\u00f1ana. La subida fue mucho m\u00e1s dif\u00edcil de lo que esper\u00e1bamos. Empezando en una zona boscosa, el comienzo de tu caminata es bastante poco impresionante. <\/span><\/p>\n<p><span class=\"fontstyle0\">A medida que sub\u00edamos, la flora cambiaba dr\u00e1sticamente. Las coloridas rocas de lava, desde el beige hasta el naranja y el rojo, albergan algunas plantas absurdamente impresionantes. La caminata nos llev\u00f3 unas dos horas, y a veces es empinada. Hace bastante viento en la cima del volc\u00e1n, \u00a1as\u00ed que lleva un cortavientos! Si la caminata no te dej\u00f3 sin aliento, la vista sobre el cr\u00e1ter del volc\u00e1n sin duda lo har\u00e1. El lago sulf\u00farico turquesa parece surrealista. Es tan impresionante que parece imposible apartar la vista del lago del cr\u00e1ter. Al seguir caminando alrededor del cr\u00e1ter, nos vimos recompensados tambi\u00e9n con unas vistas impresionantes del Lago Coatepeque. Es un panorama impresionante, con el Lago Coatepeque a un lado y el hipnotizante lago del cr\u00e1ter sulf\u00farico al otro. Por razones obvias, esta caminata destaca a muchos viajeros que vienen a<a href=\"https:\/\/unique-universe.blog\/es\/america-central\/el-salvador-es\/\" target=\"_blank\" rel=\"noopener\"> El Salvador.<\/a><\/span><\/p>\n<p>[\/et_pb_blurb][\/et_pb_column][\/et_pb_row][et_pb_row column_structure=&#8221;2_5,3_5&#8243; module_id=&#8221;thing_do_7&#8243; _builder_version=&#8221;4.19.5&#8243; _module_preset=&#8221;b97313bd-5b9d-43ad-bbe6-2cc566bda503&#8243; global_colors_info=&#8221;{}&#8221;][et_pb_column type=&#8221;2_5&#8243; _builder_version=&#8221;4.18.0&#8243; _module_preset=&#8221;default&#8221; background_color=&#8221;#FFFFFF&#8221; custom_padding=&#8221;110px|60px|110px|40px|true|false&#8221; custom_padding_tablet=&#8221;60px||60px||true|false&#8221; custom_padding_phone=&#8221;40px|20px|40px|20px|true|true&#8221; custom_padding_last_edited=&#8221;on|phone&#8221; box_shadow_style=&#8221;preset2&#8243; box_shadow_horizontal=&#8221;-6px&#8221; box_shadow_color=&#8221;rgba(0,0,0,0.1)&#8221; global_colors_info=&#8221;{}&#8221;][et_pb_blurb title=&#8221;Lago Coatepeque&#8221; use_icon=&#8221;on&#8221; font_icon=&#8221;&#xf3c5;||fa||900&#8243; icon_color=&#8221;#FF6B59&#8243; icon_placement=&#8221;left&#8221; content_max_width=&#8221;100%&#8221; image_tablet=&#8221;https:\/\/unique-universe.blog\/wp-content\/uploads\/2022\/06\/Compass-Logo.svg&#8221; image_phone=&#8221;&#8221; image_last_edited=&#8221;on|phone&#8221; icon_placement_tablet=&#8221;left&#8221; icon_placement_phone=&#8221;top&#8221; icon_placement_last_edited=&#8221;on|phone&#8221; _builder_version=&#8221;4.19.4&#8243; _module_preset=&#8221;default&#8221; header_level=&#8221;h3&#8243; header_font=&#8221;Merriweather||||||||&#8221; header_font_size=&#8221;28px&#8221; body_font=&#8221;Loto Regular||||||||&#8221; dsm_modules_readmore=&#8221;on&#8221; global_colors_info=&#8221;{}&#8221; image__hover_enabled=&#8221;off|desktop&#8221;]<\/p>\n<p><span class=\"fontstyle0\">Si te apetece nadar, bucear un poco o hacer esqu\u00ed acu\u00e1tico, el Lago de Coatepeque es tu lugar. Ten en cuenta que el lago es uno de los favoritos de los m\u00e1s adinerados de El Salvador. De ah\u00ed que muchos restaurantes y hoteles sean caros.<br \/><\/span><\/p>\n<p>[\/et_pb_blurb][\/et_pb_column][et_pb_column type=&#8221;3_5&#8243; _builder_version=&#8221;4.17.4&#8243; _module_preset=&#8221;default&#8221; global_colors_info=&#8221;{}&#8221;][et_pb_image src=&#8221;https:\/\/unique-universe.blog\/wp-content\/uploads\/2022\/10\/Ruta-de-las-Flores_El-Salvador-7.jpg&#8221; title_text=&#8221;Ruta de las Flores_El Salvador-7&#8243; _builder_version=&#8221;4.18.0&#8243; _module_preset=&#8221;default&#8221; width=&#8221;90%&#8221; module_alignment=&#8221;center&#8221; global_colors_info=&#8221;{}&#8221;][\/et_pb_image][\/et_pb_column][\/et_pb_row][et_pb_row column_structure=&#8221;3_5,2_5&#8243; use_custom_gutter=&#8221;on&#8221; gutter_width=&#8221;1&#8243; make_equal=&#8221;on&#8221; module_id=&#8221;thing_do_8&#8243; _builder_version=&#8221;4.19.4&#8243; _module_preset=&#8221;default&#8221; custom_css_main_element=&#8221;align-items: center;&#8221; global_colors_info=&#8221;{}&#8221;][et_pb_column type=&#8221;3_5&#8243; _builder_version=&#8221;4.17.4&#8243; _module_preset=&#8221;default&#8221; global_colors_info=&#8221;{}&#8221;][et_pb_image src=&#8221;https:\/\/unique-universe.blog\/wp-content\/uploads\/2022\/10\/Santa-Ana_1.jpg&#8221; title_text=&#8221;Santa Ana_1&#8243; _builder_version=&#8221;4.18.0&#8243; _module_preset=&#8221;default&#8221; width=&#8221;90%&#8221; module_alignment=&#8221;center&#8221; global_colors_info=&#8221;{}&#8221;][\/et_pb_image][\/et_pb_column][et_pb_column type=&#8221;2_5&#8243; _builder_version=&#8221;4.18.0&#8243; _module_preset=&#8221;default&#8221; background_color=&#8221;#FFFFFF&#8221; custom_padding=&#8221;110px|60px|110px|40px|true|false&#8221; custom_padding_tablet=&#8221;60px||60px||true|false&#8221; custom_padding_phone=&#8221;40px|20px|40px|20px|true|true&#8221; custom_padding_last_edited=&#8221;on|phone&#8221; box_shadow_style=&#8221;preset2&#8243; box_shadow_horizontal=&#8221;-6px&#8221; box_shadow_color=&#8221;rgba(0,0,0,0.1)&#8221; global_colors_info=&#8221;{}&#8221;][et_pb_blurb title=&#8221;Descubre la cultura maya en Tazumal&#8221; use_icon=&#8221;on&#8221; font_icon=&#8221;&#xf3c5;||fa||900&#8243; icon_color=&#8221;#FF6B59&#8243; icon_placement=&#8221;left&#8221; content_max_width=&#8221;100%&#8221; image_tablet=&#8221;https:\/\/unique-universe.blog\/wp-content\/uploads\/2022\/06\/Compass-Logo.svg&#8221; image_phone=&#8221;&#8221; image_last_edited=&#8221;on|phone&#8221; icon_placement_tablet=&#8221;left&#8221; icon_placement_phone=&#8221;top&#8221; icon_placement_last_edited=&#8221;on|phone&#8221; _builder_version=&#8221;4.21.2&#8243; _module_preset=&#8221;default&#8221; header_level=&#8221;h3&#8243; header_font=&#8221;Merriweather||||||||&#8221; header_font_size=&#8221;28px&#8221; body_font=&#8221;Loto Regular||||||||&#8221; hover_enabled=&#8221;0&#8243; dsm_modules_readmore=&#8221;on&#8221; global_colors_info=&#8221;{}&#8221; image__hover_enabled=&#8221;off|desktop&#8221; sticky_enabled=&#8221;0&#8243;]<\/p>\n<p><span class=\"fontstyle0\">Como nos dirig\u00edamos a las ruinas de <a href=\"https:\/\/unique-universe.blog\/es\/copan-una-parada-agradable-aunque-no-sorprendente-en-honduras\/\" target=\"_blank\" rel=\"noopener\">Cop\u00e1n<\/a>, en Honduras, nos saltamos el viaje a Tazumal. Sin embargo, el sitio hist\u00f3rico es uno de los yacimientos precolombinos m\u00e1s importantes e impresionantes de <a href=\"https:\/\/unique-universe.blog\/es\/america-central\/el-salvador-es\/\" target=\"_blank\" rel=\"noopener\">El Salvador.<\/a> Las ruinas excavadas cubren una superficie de 10 km\u00b2 y constituyen el templo maya m\u00e1s importante de <a href=\"https:\/\/unique-universe.blog\/es\/america-central\/el-salvador-es\/\" target=\"_blank\" rel=\"noopener\">El Salvador.<\/a> Si no tuviste ocasi\u00f3n de conocer la <a href=\"https:\/\/unique-universe.blog\/es\/america-central\/el-salvador-es\/\" target=\"_blank\" rel=\"noopener\">cultura maya <\/a>en tu viaje por <a href=\"https:\/\/unique-universe.blog\/es\/america-central\/\" target=\"_blank\" rel=\"noopener\">Centroam\u00e9rica<\/a>, Tazumal te ofrece la oportunidad perfecta. Encontrar\u00e1s las ruinas a s\u00f3lo 15 km de Santa Ana. Un viaje de media hora en autob\u00fas (l\u00ednea 218 hacia Chalchuapa) desde Santa Ana te llevar\u00e1 casi hasta la puerta de entrada. S\u00f3lo tienes que avisar al conductor del autob\u00fas <\/span><span class=\"fontstyle0\">donde quieras bajar. Son superamables y est\u00e1n deseando ayudar.<\/span><\/p>\n<p><span class=\"fontstyle0\"> <\/span><\/p>\n<p>[\/et_pb_blurb][\/et_pb_column][\/et_pb_row][\/et_pb_section][et_pb_section fb_built=&#8221;1&#8243; disabled_on=&#8221;off|off|off&#8221; _builder_version=&#8221;4.18.0&#8243; border_color_all=&#8221;#FF6B59&#8243; border_style_all=&#8221;dotted&#8221; border_width_top=&#8221;14px&#8221; global_colors_info=&#8221;{}&#8221;][et_pb_row column_structure=&#8221;1_2,1_2&#8243; module_id=&#8221;good_knowing&#8221; _builder_version=&#8221;4.18.0&#8243; global_colors_info=&#8221;{}&#8221;][et_pb_column type=&#8221;1_2&#8243; _builder_version=&#8221;4.16&#8243; custom_padding=&#8221;|||&#8221; global_colors_info=&#8221;{}&#8221; custom_padding__hover=&#8221;|||&#8221;][dsm_typing_effect typing_effect=&#8221;Prep\u00e1rate para viajar a El Salvador&#8221; typing_backspeed=&#8221;1ms&#8221; typing_backdelay=&#8221;20000ms&#8221; typing_fadeout=&#8221;on&#8221; typing_shuffle=&#8221;on&#8221; typing_cursor_color=&#8221;#D36135&#8243; _builder_version=&#8221;4.18.0&#8243; _module_preset=&#8221;default&#8221; header_font=&#8221;Merriweather||||||||&#8221; typing_font=&#8221;Merriweather||||||||&#8221; typing_text_align=&#8221;center&#8221; typing_font_size=&#8221;55px&#8221; typing_line_height=&#8221;1.4em&#8221; global_colors_info=&#8221;{}&#8221;][\/dsm_typing_effect][et_pb_toggle title=&#8221;C\u00f3mo llegar a Santa Ana:&#8221; open_toggle_text_color=&#8221;#000000&#8243; open_toggle_background_color=&#8221;#FFFFFF&#8221; closed_toggle_background_color=&#8221;RGBA(255,255,255,0)&#8221; icon_color=&#8221;#FF6B59&#8243; toggle_icon=&#8221;&#x50;||divi||400&#8243; use_icon_font_size=&#8221;on&#8221; icon_font_size=&#8221;24px&#8221; open_icon_color=&#8221;#D36135&#8243; open_toggle_icon=&#8221;&#xe050;||divi||400&#8243; open_use_icon_font_size=&#8221;on&#8221; open_icon_font_size=&#8221;25px&#8221; icon_font_size_tablet=&#8221;24px&#8221; icon_font_size_phone=&#8221;24px&#8221; icon_font_size_last_edited=&#8221;on|phone&#8221; _builder_version=&#8221;4.19.4&#8243; _module_preset=&#8221;default&#8221; title_text_color=&#8221;#000000&#8243; title_level=&#8221;h3&#8243; title_font=&#8221;Merriweather|700|||||||&#8221; title_text_align=&#8221;left&#8221; title_font_size=&#8221;23px&#8221; title_line_height=&#8221;1.2em&#8221; closed_title_font=&#8221;Merriweather||||||||&#8221; body_font=&#8221;Loto Regular||||||||&#8221; body_link_text_color=&#8221;#D36135&#8243; custom_margin=&#8221;||20px||false|false&#8221; custom_padding=&#8221;0px|0px|20px|0px|false|false&#8221; border_width_all=&#8221;0px&#8221; border_color_all=&#8221;#FF6B59&#8243; border_width_bottom=&#8221;1px&#8221; global_colors_info=&#8221;{}&#8221;]<\/p>\n<p class=\"p1\"><span class=\"fontstyle0\">El autob\u00fas 201 conecta San Salvador y Santa Ana. El viaje dura aproximadamente 1,5 horas y cuesta 1,5 $. Para llegar al Parque Cerro Verde, toma el autob\u00fas 248 desde la terminal de autobuses de La Vencedora en Santa Ana (1,75 h, 0,85 $)<\/span><\/p>\n<p>[\/et_pb_toggle][et_pb_toggle title=&#8221;\u00bfD\u00f3nde alojarse en Santa Ana, El Salvador?&#8221; open_toggle_text_color=&#8221;#000000&#8243; open_toggle_background_color=&#8221;#FFFFFF&#8221; closed_toggle_background_color=&#8221;RGBA(255,255,255,0)&#8221; icon_color=&#8221;#FF6B59&#8243; toggle_icon=&#8221;&#x50;||divi||400&#8243; use_icon_font_size=&#8221;on&#8221; icon_font_size=&#8221;24px&#8221; open_icon_color=&#8221;#D36135&#8243; open_toggle_icon=&#8221;&#xe050;||divi||400&#8243; open_use_icon_font_size=&#8221;on&#8221; open_icon_font_size=&#8221;25px&#8221; icon_font_size_tablet=&#8221;24px&#8221; icon_font_size_phone=&#8221;24px&#8221; icon_font_size_last_edited=&#8221;on|phone&#8221; _builder_version=&#8221;4.19.4&#8243; _module_preset=&#8221;default&#8221; title_text_color=&#8221;#000000&#8243; title_level=&#8221;h3&#8243; title_font=&#8221;Merriweather|700|||||||&#8221; title_text_align=&#8221;left&#8221; title_font_size=&#8221;23px&#8221; title_line_height=&#8221;1.2em&#8221; closed_title_font=&#8221;Merriweather||||||||&#8221; body_font=&#8221;Loto Regular||||||||&#8221; body_link_text_color=&#8221;#D36135&#8243; custom_margin=&#8221;||20px||false|false&#8221; custom_padding=&#8221;0px|0px|20px|0px|false|false&#8221; border_width_all=&#8221;0px&#8221; border_color_all=&#8221;#FF6B59&#8243; border_width_bottom=&#8221;1px&#8221; global_colors_info=&#8221;{}&#8221;]<\/p>\n<p class=\"p1\"><span class=\"fontstyle0\">Es bastante complicado encontrar un local para dormir en Santa Ana. La mayor\u00eda de los albergues parecen muy grandes, abarrotados y propiedad de extranjeros. As\u00ed que merece la pena echar un vistazo a Airbnb.<\/span><\/p>\n<p>[\/et_pb_toggle][et_pb_toggle title=&#8221;Mejor \u00e9poca para ir de excursi\u00f3n al lago del cr\u00e1ter&#8221; open_toggle_text_color=&#8221;#000000&#8243; open_toggle_background_color=&#8221;#FFFFFF&#8221; closed_toggle_background_color=&#8221;RGBA(255,255,255,0)&#8221; icon_color=&#8221;#FF6B59&#8243; toggle_icon=&#8221;&#x50;||divi||400&#8243; use_icon_font_size=&#8221;on&#8221; icon_font_size=&#8221;24px&#8221; open_icon_color=&#8221;#D36135&#8243; open_toggle_icon=&#8221;&#xe050;||divi||400&#8243; open_use_icon_font_size=&#8221;on&#8221; open_icon_font_size=&#8221;25px&#8221; icon_font_size_tablet=&#8221;24px&#8221; icon_font_size_phone=&#8221;24px&#8221; icon_font_size_last_edited=&#8221;on|phone&#8221; _builder_version=&#8221;4.19.4&#8243; _module_preset=&#8221;default&#8221; title_text_color=&#8221;#000000&#8243; title_level=&#8221;h3&#8243; title_font=&#8221;Merriweather|700|||||||&#8221; title_text_align=&#8221;left&#8221; title_font_size=&#8221;23px&#8221; title_line_height=&#8221;1.2em&#8221; closed_title_font=&#8221;Merriweather||||||||&#8221; body_font=&#8221;Loto Regular||||||||&#8221; body_link_text_color=&#8221;#D36135&#8243; custom_margin=&#8221;||20px||false|false&#8221; custom_padding=&#8221;0px|0px|20px|0px|false|false&#8221; border_width_all=&#8221;0px&#8221; border_color_all=&#8221;#FF6B59&#8243; border_width_bottom=&#8221;1px&#8221; global_colors_info=&#8221;{}&#8221;]<\/p>\n<p class=\"p1\"><span class=\"fontstyle0\">La mejor \u00e9poca para recorrer el volc\u00e1n es la estaci\u00f3n seca (de noviembre a abril). El cielo est\u00e1 despejado y el azul brillante promete las mejores vistas.<\/span><\/p>\n<p>[\/et_pb_toggle][et_pb_toggle title=&#8221;Senderismo Volc\u00e1n de Santa Ana&#8221; open_toggle_text_color=&#8221;#000000&#8243; open_toggle_background_color=&#8221;#FFFFFF&#8221; closed_toggle_background_color=&#8221;RGBA(255,255,255,0)&#8221; icon_color=&#8221;#FF6B59&#8243; toggle_icon=&#8221;&#x50;||divi||400&#8243; use_icon_font_size=&#8221;on&#8221; icon_font_size=&#8221;24px&#8221; open_icon_color=&#8221;#D36135&#8243; open_toggle_icon=&#8221;&#xe050;||divi||400&#8243; open_use_icon_font_size=&#8221;on&#8221; open_icon_font_size=&#8221;25px&#8221; icon_font_size_tablet=&#8221;24px&#8221; icon_font_size_phone=&#8221;24px&#8221; icon_font_size_last_edited=&#8221;on|phone&#8221; _builder_version=&#8221;4.19.4&#8243; _module_preset=&#8221;default&#8221; title_text_color=&#8221;#000000&#8243; title_level=&#8221;h3&#8243; title_font=&#8221;Merriweather|700|||||||&#8221; title_text_align=&#8221;left&#8221; title_font_size=&#8221;23px&#8221; title_line_height=&#8221;1.2em&#8221; closed_title_font=&#8221;Merriweather||||||||&#8221; body_font=&#8221;Loto Regular||||||||&#8221; body_link_text_color=&#8221;#D36135&#8243; custom_margin=&#8221;||20px||false|false&#8221; custom_padding=&#8221;0px|0px|20px|0px|false|false&#8221; border_width_all=&#8221;0px&#8221; border_color_all=&#8221;#FF6B59&#8243; border_width_bottom=&#8221;1px&#8221; global_colors_info=&#8221;{}&#8221;]<\/p>\n<p class=\"p1\"><span class=\"fontstyle0\">La excursi\u00f3n a Santa Ana dura al menos 5 horas. Normalmente, habr\u00e1 dos visitas guiadas: una a partir de las 9 h y la segunda a las 11 h. La caminata fue mucho m\u00e1s dif\u00edcil de lo que esper\u00e1bamos. Lleva suficiente agua y crema solar. Hay dos puntos para iniciar la excursi\u00f3n: uno desde la puerta oficial, que prolonga el recorrido unos 30 minutos. El segundo punto de inicio es una barra situada en la parte inferior del volc\u00e1n. Ojal\u00e1 hubi\u00e9ramos tomado esta opci\u00f3n, pero nos enteramos demasiado tarde.<\/span><\/p>\n<p>[\/et_pb_toggle][et_pb_toggle title=&#8221;Agua del grifo&#8221; open_toggle_text_color=&#8221;#000000&#8243; open_toggle_background_color=&#8221;#FFFFFF&#8221; closed_toggle_background_color=&#8221;RGBA(255,255,255,0)&#8221; icon_color=&#8221;#FF6B59&#8243; toggle_icon=&#8221;&#x50;||divi||400&#8243; use_icon_font_size=&#8221;on&#8221; icon_font_size=&#8221;24px&#8221; open_icon_color=&#8221;#D36135&#8243; open_toggle_icon=&#8221;&#xe050;||divi||400&#8243; open_use_icon_font_size=&#8221;on&#8221; open_icon_font_size=&#8221;25px&#8221; icon_font_size_tablet=&#8221;24px&#8221; icon_font_size_phone=&#8221;24px&#8221; icon_font_size_last_edited=&#8221;on|phone&#8221; _builder_version=&#8221;4.19.4&#8243; _module_preset=&#8221;default&#8221; title_text_color=&#8221;#000000&#8243; title_level=&#8221;h3&#8243; title_font=&#8221;Merriweather|700|||||||&#8221; title_text_align=&#8221;left&#8221; title_font_size=&#8221;23px&#8221; title_line_height=&#8221;1.2em&#8221; closed_title_font=&#8221;Merriweather||||||||&#8221; body_font=&#8221;Loto Regular||||||||&#8221; body_link_text_color=&#8221;#D36135&#8243; custom_margin=&#8221;||20px||false|false&#8221; custom_padding=&#8221;0px|0px|20px|0px|false|false&#8221; border_width_all=&#8221;0px&#8221; border_color_all=&#8221;#FF6B59&#8243; border_width_bottom=&#8221;1px&#8221; global_colors_info=&#8221;{}&#8221;]<\/p>\n<p class=\"p1\"><span class=\"fontstyle0\"> No bebas agua del grifo en El Salvador; \u00a1lleva tu Lifestraw en su lugar! Aunque el agua de la compa\u00f1\u00eda nacional de aguas (ANDA) suele ser segura, nunca sabes qu\u00e9 fuente de agua pueden utilizar los restaurantes, hoteles, etc.<br \/><\/span><\/p>\n<p>[\/et_pb_toggle][et_pb_toggle title=&#8221;El mayor reto para el viajero responsable&#8221; open_toggle_text_color=&#8221;#000000&#8243; open_toggle_background_color=&#8221;#FFFFFF&#8221; closed_toggle_background_color=&#8221;RGBA(255,255,255,0)&#8221; icon_color=&#8221;#FF6B59&#8243; toggle_icon=&#8221;&#x50;||divi||400&#8243; use_icon_font_size=&#8221;on&#8221; icon_font_size=&#8221;24px&#8221; open_icon_color=&#8221;#D36135&#8243; open_toggle_icon=&#8221;&#xe050;||divi||400&#8243; open_use_icon_font_size=&#8221;on&#8221; open_icon_font_size=&#8221;25px&#8221; icon_font_size_tablet=&#8221;24px&#8221; icon_font_size_phone=&#8221;24px&#8221; icon_font_size_last_edited=&#8221;on|phone&#8221; _builder_version=&#8221;4.18.0&#8243; _module_preset=&#8221;default&#8221; title_text_color=&#8221;#000000&#8243; title_level=&#8221;h3&#8243; title_font=&#8221;Merriweather|700|||||||&#8221; title_text_align=&#8221;left&#8221; title_font_size=&#8221;23px&#8221; title_line_height=&#8221;1.2em&#8221; closed_title_font=&#8221;Merriweather||||||||&#8221; body_font=&#8221;Loto Regular||||||||&#8221; body_link_text_color=&#8221;#D36135&#8243; custom_margin=&#8221;||20px||false|false&#8221; custom_padding=&#8221;0px|0px|20px|0px|false|false&#8221; border_width_all=&#8221;0px&#8221; border_color_all=&#8221;#FF6B59&#8243; border_width_bottom=&#8221;1px&#8221; global_colors_info=&#8221;{}&#8221;]<\/p>\n<p class=\"p1\"><span class=\"fontstyle0\">Basura: <\/span><span class=\"fontstyle2\">Como en cualquier lugar de Am\u00e9rica Latina, mucha comida callejera se sirve en recipientes de pl\u00e1stico o de un solo uso. Aseg\u00farate de llevar contigo tu recipiente plegable para alimentos. No olvides traer tambi\u00e9n tu Lifestraw.<\/span><\/p>\n<p>[\/et_pb_toggle][\/et_pb_column][et_pb_column type=&#8221;1_2&#8243; _builder_version=&#8221;4.16&#8243; custom_padding=&#8221;|||&#8221; global_colors_info=&#8221;{}&#8221; custom_padding__hover=&#8221;|||&#8221;][et_pb_image src=&#8221;https:\/\/unique-universe.blog\/wp-content\/uploads\/2017\/12\/tanzania-travel-Zanzibar-beaches-5.stop-95.jpg&#8221; alt=&#8221;tanzania viajes Zanz\u00edbar playas&#8221; title_text=&#8221;tanzania-viaje-Zanz\u00edbar-playas-5.stop-95&#8243; force_fullwidth=&#8221;on&#8221; align_tablet=&#8221;center&#8221; align_phone=&#8221;center&#8221; align_last_edited=&#8221;on|desktop&#8221; _builder_version=&#8221;4.18.0&#8243; animation_style=&#8221;zoom&#8221; animation_delay=&#8221;100ms&#8221; animation_intensity_zoom=&#8221;6%&#8221; box_shadow_style=&#8221;preset1&#8243; box_shadow_vertical=&#8221;52px&#8221; box_shadow_blur=&#8221;80px&#8221; box_shadow_color=&#8221;rgba(0,36,73,0.07)&#8221; locked=&#8221;off&#8221; global_colors_info=&#8221;{}&#8221;][\/et_pb_image][et_pb_text _builder_version=&#8221;4.19.4&#8243; text_font=&#8221;Loto Regular||||||||&#8221; link_font=&#8221;||||||||&#8221; ul_font=&#8221;||||||||&#8221; ol_font=&#8221;||||||||&#8221; quote_font=&#8221;||||||||&#8221; header_font=&#8221;Merriweather||||||||&#8221; header_text_align=&#8221;center&#8221; header_2_font=&#8221;Merriweather|700|||||||&#8221; header_2_line_height=&#8221;1.5em&#8221; header_3_font=&#8221;||||||||&#8221; max_width=&#8221;800px&#8221; module_alignment=&#8221;center&#8221; header_2_font_size_phone=&#8221;34px&#8221; locked=&#8221;off&#8221; global_colors_info=&#8221;{}&#8221;]<\/p>\n<h2>Lista de equipaje Centroam\u00e9rica<\/h2>\n<p><span>Centroam\u00e9rica es muy diversa y ofrece muchas cosas que hacer. Consulta nuestra lista de equipaje y prep\u00e1rate para una aventura incre\u00edble.<\/span><\/p>\n<p><span>Encuentra de todo, desde art\u00edculos de aseo ecol\u00f3gicos hasta los \u00fanicos zapatos de viaje que querr\u00e1s, pasando por emocionantes artilugios de viaje.<\/span><\/p>\n<p>[\/et_pb_text][et_pb_button button_url=&#8221;@ET-DC@eyJkeW5hbWljIjp0cnVlLCJjb250ZW50IjoicG9zdF9saW5rX3VybF9wb3N0Iiwic2V0dGluZ3MiOnsicG9zdF9pZCI6IjI3NTI2In19@&#8221; button_text=&#8221;Lista de embalaje&#8221; button_alignment=&#8221;left&#8221; _builder_version=&#8221;4.19.4&#8243; _dynamic_attributes=&#8221;button_url&#8221; custom_button=&#8221;on&#8221; button_text_size=&#8221;16px&#8221; button_text_color=&#8221;#FFFFFF&#8221; button_bg_color=&#8221;#FF6B59&#8243; button_border_width=&#8221;0px&#8221; button_border_color=&#8221;#FF6B59&#8243; button_border_radius=&#8221;0px&#8221; button_font=&#8221;Montserrat|700|||||||&#8221; button_use_icon=&#8221;off&#8221; background_layout=&#8221;dark&#8221; button_border_color_hover=&#8221;#ff9e59&#8243; button_bg_color_hover=&#8221;#ff9e59&#8243; locked=&#8221;off&#8221; global_colors_info=&#8221;{}&#8221; button_text_size__hover_enabled=&#8221;off&#8221; button_one_text_size__hover_enabled=&#8221;off&#8221; button_two_text_size__hover_enabled=&#8221;off&#8221; button_text_color__hover_enabled=&#8221;off&#8221; button_one_text_color__hover_enabled=&#8221;off&#8221; button_two_text_color__hover_enabled=&#8221;off&#8221; button_border_width__hover_enabled=&#8221;off&#8221; button_one_border_width__hover_enabled=&#8221;off&#8221; button_two_border_width__hover_enabled=&#8221;off&#8221; button_border_color__hover_enabled=&#8221;on|desktop&#8221; button_border_color__hover=&#8221;#ff9e59&#8243; button_one_border_color__hover_enabled=&#8221;off&#8221; button_two_border_color__hover_enabled=&#8221;off&#8221; button_border_radius__hover_enabled=&#8221;off&#8221; button_one_border_radius__hover_enabled=&#8221;off&#8221; button_two_border_radius__hover_enabled=&#8221;off&#8221; button_letter_spacing__hover_enabled=&#8221;off&#8221; button_one_letter_spacing__hover_enabled=&#8221;off&#8221; button_two_letter_spacing__hover_enabled=&#8221;off&#8221; button_bg_color__hover_enabled=&#8221;on&#8221; button_bg_color__hover=&#8221;#ff9e59&#8243; button_one_bg_color__hover_enabled=&#8221;off&#8221; button_two_bg_color__hover_enabled=&#8221;off&#8221;][\/et_pb_button][\/et_pb_column][\/et_pb_row][\/et_pb_section][et_pb_section fb_built=&#8221;1&#8243; fullwidth=&#8221;on&#8221; admin_label=&#8221;Header&#8221; _builder_version=&#8221;4.16&#8243; background_color=&#8221;#b7b9c7&#8243; custom_padding=&#8221;0px|0|0px|0px|false|false&#8221; locked=&#8221;off&#8221; global_colors_info=&#8221;{}&#8221;][et_pb_fullwidth_header title=&#8221;\u00bfVas a viajar a El Salvador?&#8221; text_orientation=&#8221;center&#8221; button_one_text=&#8221;Itinerario en El Salvador&#8221; button_one_url=&#8221;https:\/\/unique-universe.blog\/es\/america-central\/el-salvador-es\/&#8221; button_two_text=&#8221;Otros destinos centroamericanos&#8221; button_two_url=&#8221;https:\/\/unique-universe.blog\/es\/america-central\/&#8221; background_overlay_color=&#8221;rgba(83,90,128,0.3)&#8221; content_max_width=&#8221;90%&#8221; _builder_version=&#8221;4.21.2&#8243; title_font=&#8221;Merriweather|700|||||||&#8221; title_text_align=&#8221;center&#8221; title_font_size=&#8221;73px&#8221; title_line_height=&#8221;1.4em&#8221; content_font=&#8221;Noto Serif|700|||||||&#8221; content_text_align=&#8221;left&#8221; content_font_size=&#8221;32px&#8221; subhead_font=&#8221;Noto Sans||||||||&#8221; subhead_text_align=&#8221;center&#8221; subhead_font_size=&#8221;30px&#8221; subhead_line_height=&#8221;2em&#8221; background_color=&#8221;rgba(255,255,255,0)&#8221; background_image=&#8221;https:\/\/unique-universe.blog\/wp-content\/uploads\/2022\/10\/Ruta-de-las-Flores_El-Salvador-53.jpg&#8221; parallax=&#8221;on&#8221; parallax_method=&#8221;on&#8221; custom_button_one=&#8221;on&#8221; button_one_text_size=&#8221;16px&#8221; button_one_text_color=&#8221;#FFFFFF&#8221; button_one_bg_color=&#8221;#FF6B59&#8243; button_one_border_width=&#8221;0px&#8221; button_one_border_color=&#8221;RGBA(255,255,255,0)&#8221; button_one_border_radius=&#8221;0px&#8221; button_one_font=&#8221;Montserrat|||on|||||&#8221; custom_button_two=&#8221;on&#8221; button_two_text_size=&#8221;16px&#8221; button_two_border_width=&#8221;0px&#8221; button_two_border_radius=&#8221;0px&#8221; custom_margin=&#8221;|||&#8221; custom_padding=&#8221;250px||320px|&#8221; custom_padding_tablet=&#8221;100px|||&#8221; custom_padding_phone=&#8221;&#8221; custom_padding_last_edited=&#8221;on|phone&#8221; animation_style=&#8221;fade&#8221; animation_direction=&#8221;top&#8221; hover_enabled=&#8221;0&#8243; title_font_size_tablet=&#8221;60px&#8221; title_font_size_phone=&#8221;&#8221; title_font_size_last_edited=&#8221;on|desktop&#8221; subhead_font_size_tablet=&#8221;&#8221; subhead_font_size_phone=&#8221;20px&#8221; subhead_font_size_last_edited=&#8221;on|desktop&#8221; subhead_line_height_tablet=&#8221;&#8221; subhead_line_height_phone=&#8221;1.5em&#8221; subhead_line_height_last_edited=&#8221;on|phone&#8221; button_one_text_color_hover=&#8221;#ffffff&#8221; button_one_border_color_hover=&#8221;#ff9e59&#8243; button_one_border_radius_hover=&#8221;100px&#8221; button_one_bg_color_hover=&#8221;#ff9e59&#8243; global_colors_info=&#8221;{}&#8221; button_one_text_size__hover_enabled=&#8221;off&#8221; button_two_text_size__hover_enabled=&#8221;off&#8221; button_one_text_color__hover_enabled=&#8221;on&#8221; button_one_text_color__hover=&#8221;#ffffff&#8221; button_two_text_color__hover_enabled=&#8221;off&#8221; button_one_border_width__hover_enabled=&#8221;off&#8221; button_two_border_width__hover_enabled=&#8221;off&#8221; button_one_border_color__hover_enabled=&#8221;on&#8221; button_one_border_color__hover=&#8221;#ff9e59&#8243; button_two_border_color__hover_enabled=&#8221;off&#8221; button_one_border_radius__hover_enabled=&#8221;on|desktop&#8221; button_one_border_radius__hover=&#8221;0px&#8221; button_two_border_radius__hover_enabled=&#8221;off&#8221; button_one_letter_spacing__hover_enabled=&#8221;off&#8221; button_two_letter_spacing__hover_enabled=&#8221;off&#8221; button_one_bg_color__hover_enabled=&#8221;on&#8221; button_one_bg_color__hover=&#8221;#ff9e59&#8243; button_two_bg_color__hover_enabled=&#8221;off&#8221; button_two_bg_color=&#8221;#FF6B59&#8243; button_two_bg_enable_color=&#8221;on&#8221; button_two_font=&#8221;|||on|||||&#8221; sticky_enabled=&#8221;0&#8243;][\/et_pb_fullwidth_header][\/et_pb_section][et_pb_section fb_built=&#8221;1&#8243; admin_label=&#8221;Recent Travels&#8221; _builder_version=&#8221;4.16&#8243; custom_padding=&#8221;80px|0px|80px|0px|true|false&#8221; global_colors_info=&#8221;{}&#8221;][et_pb_row _builder_version=&#8221;4.16&#8243; custom_padding=&#8221;|||&#8221; global_colors_info=&#8221;{}&#8221;][et_pb_column type=&#8221;4_4&#8243; _builder_version=&#8221;4.16&#8243; custom_padding=&#8221;|||&#8221; global_colors_info=&#8221;{}&#8221; custom_padding__hover=&#8221;|||&#8221;][et_pb_text _builder_version=&#8221;4.18.0&#8243; text_font=&#8221;Loto Regular||||||||&#8221; text_font_size=&#8221;17px&#8221; text_line_height=&#8221;2em&#8221; link_font=&#8221;||||||||&#8221; ul_font=&#8221;||||||||&#8221; ol_font=&#8221;||||||||&#8221; quote_font=&#8221;||||||||&#8221; header_font=&#8221;Merriweather||||||||&#8221; header_2_font=&#8221;Merriweather|700|||||||&#8221; header_2_font_size=&#8221;44px&#8221; header_2_line_height=&#8221;1.5em&#8221; text_orientation=&#8221;center&#8221; max_width=&#8221;800px&#8221; module_alignment=&#8221;center&#8221; header_2_font_size_phone=&#8221;34px&#8221; global_colors_info=&#8221;{}&#8221;]<\/p>\n<h2>Lugares que visitar en El Salvador<\/h2>\n<p>\u00a1No te saltes El Salvador! \u00a1Es uno de los pa\u00edses m\u00e1s incre\u00edbles para visitar en Centroam\u00e9rica!<\/p>\n<p>[\/et_pb_text][\/et_pb_column][\/et_pb_row][et_pb_row admin_label=&#8221;Blog&#8221; _builder_version=&#8221;4.16&#8243; custom_padding=&#8221;|||&#8221; global_colors_info=&#8221;{}&#8221;][et_pb_column type=&#8221;4_4&#8243; _builder_version=&#8221;4.16&#8243; custom_padding=&#8221;|||&#8221; global_colors_info=&#8221;{}&#8221; custom_padding__hover=&#8221;|||&#8221;][et_pb_blog fullwidth=&#8221;off&#8221; posts_number=&#8221;3&#8243; include_categories=&#8221;234&#8243; excerpt_length=&#8221;120&#8243; show_more=&#8221;on&#8221; show_author=&#8221;off&#8221; show_date=&#8221;off&#8221; show_pagination=&#8221;off&#8221; module_class=&#8221;side-post&#8221; _builder_version=&#8221;4.18.0&#8243; header_font=&#8221;Merriweather||||||||&#8221; header_letter_spacing=&#8221;1px&#8221; body_font=&#8221;Loto Regular||||||||&#8221; meta_font=&#8221;Merriweather||||||||&#8221; meta_text_color=&#8221;#FFFFFF&#8221; read_more_font=&#8221;Merriweather|||on|||||&#8221; read_more_text_color=&#8221;#FFFFFF&#8221; read_more_font_size=&#8221;13px&#8221; pagination_font=&#8221;Merriweather||||||||&#8221; animation_style=&#8221;slide&#8221; animation_direction=&#8221;left&#8221; animation_intensity_slide=&#8221;5%&#8221; animation_starting_opacity=&#8221;100%&#8221; dbdb_show_tags=&#8221;on&#8221; border_width_all=&#8221;0px&#8221; border_color_all=&#8221;#ececec&#8221; global_colors_info=&#8221;{}&#8221;][\/et_pb_blog][\/et_pb_column][\/et_pb_row][\/et_pb_section]<\/p>\n","protected":false},"excerpt":{"rendered":"<p>Emocionados porque ma\u00f1ana nos esperaba el \u00faltimo volc\u00e1n de este viaje. El cr\u00e1ter incre\u00edblemente impresionante del Volc\u00e1n Santa Ana es el punto culminante para muchos viajeros que vienen a El Salvador por una buena raz\u00f3n. Nos quedamos sin habla (y sin aliento) cuando pusimos los ojos por primera vez en el lago turquesa del cr\u00e1ter.  <\/p>\n","protected":false},"author":2,"featured_media":24840,"comment_status":"open","ping_status":"open","sticky":false,"template":"","format":"standard","meta":{"_et_pb_use_builder":"on","_et_pb_old_content":"","_et_gb_content_width":"","_monsterinsights_skip_tracking":false,"_monsterinsights_sitenote_active":false,"_monsterinsights_sitenote_note":"","_monsterinsights_sitenote_category":0,"footnotes":""},"categories":[275,392],"tags":[],"class_list":["post-41142","post","type-post","status-publish","format-standard","has-post-thumbnail","hentry","category-el-salvador-es","category-america-central"],"_links":{"self":[{"href":"https:\/\/unique-universe.blog\/es\/wp-json\/wp\/v2\/posts\/41142","targetHints":{"allow":["GET"]}}],"collection":[{"href":"https:\/\/unique-universe.blog\/es\/wp-json\/wp\/v2\/posts"}],"about":[{"href":"https:\/\/unique-universe.blog\/es\/wp-json\/wp\/v2\/types\/post"}],"author":[{"embeddable":true,"href":"https:\/\/unique-universe.blog\/es\/wp-json\/wp\/v2\/users\/2"}],"replies":[{"embeddable":true,"href":"https:\/\/unique-universe.blog\/es\/wp-json\/wp\/v2\/comments?post=41142"}],"version-history":[{"count":0,"href":"https:\/\/unique-universe.blog\/es\/wp-json\/wp\/v2\/posts\/41142\/revisions"}],"wp:featuredmedia":[{"embeddable":true,"href":"https:\/\/unique-universe.blog\/es\/wp-json\/wp\/v2\/media\/24840"}],"wp:attachment":[{"href":"https:\/\/unique-universe.blog\/es\/wp-json\/wp\/v2\/media?parent=41142"}],"wp:term":[{"taxonomy":"category","embeddable":true,"href":"https:\/\/unique-universe.blog\/es\/wp-json\/wp\/v2\/categories?post=41142"},{"taxonomy":"post_tag","embeddable":true,"href":"https:\/\/unique-universe.blog\/es\/wp-json\/wp\/v2\/tags?post=41142"}],"curies":[{"name":"wp","href":"https:\/\/api.w.org\/{rel}","templated":true}]}}